{"id":2764,"date":"2017-11-13T15:17:21","date_gmt":"2017-11-13T14:17:21","guid":{"rendered":"http:\/\/mediocudeyo.es\/web\/?p=2764"},"modified":"2017-11-13T15:17:21","modified_gmt":"2017-11-13T14:17:21","slug":"filmoteca-cuatro-estaciones-en-la-habana-mascaras","status":"publish","type":"post","link":"https:\/\/mediocudeyo.es\/web\/filmoteca-cuatro-estaciones-en-la-habana-mascaras\/","title":{"rendered":"FILMOTECA: CUATRO ESTACIONES EN LA HABANA-PAISAJE DE OTO\u00d1O"},"content":{"rendered":"<p><img fetchpriority=\"high\" decoding=\"async\" class=\"alignnone size-full wp-image-2718\" src=\"http:\/\/mediocudeyo.es\/web\/wp-content\/uploads\/2017\/10\/26-Cuatro-estaciones-en-la-habana-CARTEL.jpg\" alt=\"\" width=\"600\" height=\"968\" \/><\/p>\n<p>Lunes 20 de noviembre, 20:00 h. Centro Cultural Ram\u00f3n Pelayo (Solares). Precio \u00fanico: 2,50\u20ac<!--more--><\/p>\n<div>\n<div class=\"textblock\">\n<p>&nbsp;<\/p>\n<div class=\"right_container\">\n<div class=\"special_heading\">\n<h3>Cuatro estaciones en La Habana &#8211; Paisaje de oto\u00f1o<\/h3>\n<p>CUBA 2016 DURACI\u00d3N: 90 MINUTOS<\/p>\n<\/div>\n<div>\n<div class=\"textblock\">\n<h5>SINOPSIS<\/h5>\n<div>Mientras espera la llegada de un hurac\u00e1n, uno de los peores desastres naturales que afecta a la zona geogr\u00e1fica del Caribe, Mario Conde recibe la encomienda de investigar la muerte de Miguel Forcade, cuyo cad\u00e1ver mutilado aparece en una playa habanera.<\/div>\n<div><\/div>\n<div>\n<div class=\"flex1\">\n<div>\n<div class=\"textblock\">\n<h5 class=\"icon_heading\">FICHA ART\u00cdSTICA<\/h5>\n<div>Jorge Perugorr\u00eda, Juana Acosta, Carlos Enrique Almirante, Mario Guerra, Reymond Miranda, Jazz Vil\u00e1.<\/div>\n<div><\/div>\n<\/div>\n<\/div>\n<\/div>\n<div class=\"flex1\">\n<div>\n<div class=\"textblock\">\n<h5 class=\"icon_heading\">FICHA T\u00c9CNICA<\/h5>\n<div>\n<p><b>Director<\/b>: F\u00e9lix Viscarret<\/p>\n<p><b>Guion:<\/b> Leonardo Padura, Luc\u00eda L\u00f3pez (Novela: Leonardo Padura)<\/p>\n<\/div>\n<\/div>\n<\/div>\n<\/div>\n<\/div>\n<\/div>\n<\/div>\n<\/div>\n<\/div>\n<\/div>\n","protected":false},"excerpt":{"rendered":"<p>Lunes 20 de noviembre, 20:00 h. Centro Cultural Ram\u00f3n Pelayo (Solares). Precio \u00fanico: 2,50\u20ac<\/p>\n","protected":false},"author":4,"featured_media":0,"comment_status":"closed","ping_status":"closed","sticky":false,"template":"","format":"standard","meta":{"footnotes":""},"categories":[59],"tags":[58,116,117],"class_list":["post-2764","post","type-post","status-publish","format-standard","hentry","category-cultura","tag-centro-cultural-ramon-pelayo","tag-cine","tag-filmoteca"],"_links":{"self":[{"href":"https:\/\/mediocudeyo.es\/web\/wp-json\/wp\/v2\/posts\/2764"}],"collection":[{"href":"https:\/\/mediocudeyo.es\/web\/wp-json\/wp\/v2\/posts"}],"about":[{"href":"https:\/\/mediocudeyo.es\/web\/wp-json\/wp\/v2\/types\/post"}],"author":[{"embeddable":true,"href":"https:\/\/mediocudeyo.es\/web\/wp-json\/wp\/v2\/users\/4"}],"replies":[{"embeddable":true,"href":"https:\/\/mediocudeyo.es\/web\/wp-json\/wp\/v2\/comments?post=2764"}],"version-history":[{"count":0,"href":"https:\/\/mediocudeyo.es\/web\/wp-json\/wp\/v2\/posts\/2764\/revisions"}],"wp:attachment":[{"href":"https:\/\/mediocudeyo.es\/web\/wp-json\/wp\/v2\/media?parent=2764"}],"wp:term":[{"taxonomy":"category","embeddable":true,"href":"https:\/\/mediocudeyo.es\/web\/wp-json\/wp\/v2\/categories?post=2764"},{"taxonomy":"post_tag","embeddable":true,"href":"https:\/\/mediocudeyo.es\/web\/wp-json\/wp\/v2\/tags?post=2764"}],"curies":[{"name":"wp","href":"https:\/\/api.w.org\/{rel}","templated":true}]}}