{"id":297,"date":"2016-09-12T07:26:55","date_gmt":"2016-09-12T06:26:55","guid":{"rendered":"http:\/\/mediocudeyo.es\/web\/?p=297"},"modified":"2016-09-12T07:26:55","modified_gmt":"2016-09-12T06:26:55","slug":"talleres-y-cursos-de-las-escuelas-culturales","status":"publish","type":"post","link":"https:\/\/mediocudeyo.es\/web\/talleres-y-cursos-de-las-escuelas-culturales\/","title":{"rendered":"Talleres y Cursos de las Escuelas Culturales"},"content":{"rendered":"<p>!Ya est\u00e1n aqu\u00ed los talleres y cursos para el nuevo a\u00f1o acad\u00e9mico 2016-17!<br \/>\n<!--more--><\/p>\n<p>El listado de actividades:<\/p>\n<ul>\n<li>Ajedr\u00e9z: Para j\u00f3venes y adultos, Inscripci\u00f3n Abierta!<\/li>\n<li>Little Chef: Si juntamos cocina e ingl\u00e9s, Inscripci\u00f3n Abierta!<\/li>\n<li>Baile y Danza: Para ni\u00f1@s de infantil y primaria, Inscripci\u00f3n Abierta!<\/li>\n<li>Stacking y Cubo de Rubik: De 6 a 16 a\u00f1os, Inscripci\u00f3n Abierta!<\/li>\n<\/ul>\n<p><!--more--><\/p>\n<p>\u00bfQuieres m\u00e1s informaci\u00f3n?<\/p>\n<p>P\u00e1sate por el Punto de Informaci\u00f3n Municipal del Centro Cultural o ll\u00e1manos al tel. 942522685.<\/p>\n<p>Y pr\u00f3ximamente tambi\u00e9n talleres de&#8230;<\/p>\n<ul>\n<li>Teatro.<\/li>\n<li>Fotograf\u00eda.<\/li>\n<li>Rob\u00f3tica.<\/li>\n<li>Experimentaci\u00f3n sensorial y juego.<\/li>\n<li>C\u00f3mo ser h\u00e1bil socialmente.<\/li>\n<li>Trucos para estudiar organizado\/a y motivado\/a.<\/li>\n<\/ul>\n<p>\u00bfPodr\u00e1s elegir entre tantos?<\/p>\n<p>Inscripciones hasta el lunes 26 de septiembre en el P.I.M. del Centro Cultural Ram\u00f3n Pelayo.<\/p>\n","protected":false},"excerpt":{"rendered":"<p>!Ya est\u00e1n aqu\u00ed los talleres y cursos para el nuevo a\u00f1o acad\u00e9mico 2016-17!<\/p>\n","protected":false},"author":2,"featured_media":417,"comment_status":"closed","ping_status":"closed","sticky":false,"template":"","format":"standard","meta":{"footnotes":""},"categories":[59],"tags":[],"class_list":["post-297","post","type-post","status-publish","format-standard","has-post-thumbnail","hentry","category-cultura"],"_links":{"self":[{"href":"https:\/\/mediocudeyo.es\/web\/wp-json\/wp\/v2\/posts\/297"}],"collection":[{"href":"https:\/\/mediocudeyo.es\/web\/wp-json\/wp\/v2\/posts"}],"about":[{"href":"https:\/\/mediocudeyo.es\/web\/wp-json\/wp\/v2\/types\/post"}],"author":[{"embeddable":true,"href":"https:\/\/mediocudeyo.es\/web\/wp-json\/wp\/v2\/users\/2"}],"replies":[{"embeddable":true,"href":"https:\/\/mediocudeyo.es\/web\/wp-json\/wp\/v2\/comments?post=297"}],"version-history":[{"count":0,"href":"https:\/\/mediocudeyo.es\/web\/wp-json\/wp\/v2\/posts\/297\/revisions"}],"wp:featuredmedia":[{"embeddable":true,"href":"https:\/\/mediocudeyo.es\/web\/wp-json\/"}],"wp:attachment":[{"href":"https:\/\/mediocudeyo.es\/web\/wp-json\/wp\/v2\/media?parent=297"}],"wp:term":[{"taxonomy":"category","embeddable":true,"href":"https:\/\/mediocudeyo.es\/web\/wp-json\/wp\/v2\/categories?post=297"},{"taxonomy":"post_tag","embeddable":true,"href":"https:\/\/mediocudeyo.es\/web\/wp-json\/wp\/v2\/tags?post=297"}],"curies":[{"name":"wp","href":"https:\/\/api.w.org\/{rel}","templated":true}]}}