{"id":3041,"date":"2017-12-12T11:38:43","date_gmt":"2017-12-12T10:38:43","guid":{"rendered":"http:\/\/mediocudeyo.es\/web\/?p=3041"},"modified":"2017-12-12T11:38:43","modified_gmt":"2017-12-12T10:38:43","slug":"filmoteca-ultimos-dias-en-la-habana","status":"publish","type":"post","link":"https:\/\/mediocudeyo.es\/web\/filmoteca-ultimos-dias-en-la-habana\/","title":{"rendered":"FILMOTECA: \u00daLTIMOS D\u00cdAS EN LA HABANA"},"content":{"rendered":"<p><img fetchpriority=\"high\" decoding=\"async\" class=\"alignnone size-large wp-image-3042\" src=\"http:\/\/mediocudeyo.es\/web\/wp-content\/uploads\/2017\/12\/ultimos_dias_en_la_habana-516650587-large-710x1024.jpg\" alt=\"\" width=\"474\" height=\"684\" \/><\/p>\n<p>Lunes 8 de enero, 20:00 h. Centro Cultural Ram\u00f3n Pelayo (Solares). Precio \u00fanico: 2,50\u20ac<!--more-->T\u00edtulo origina: l\u00daltimos d\u00edas en La Habana<\/p>\n<div class=\"product-details-content margin-bottom-5\"><label class=\"mcu-text-details-text-b\">Calificaci\u00f3n:<\/label><\/div>\n<div class=\"product-details-content margin-bottom-5\"><label class=\"custom-simple-label\">NO RECOMENDADA PARA MENORES DE DOCE A\u00d1OS <\/label><\/div>\n<p>&nbsp;<\/p>\n<p>A\u00f1o2016<\/p>\n<p>Duraci\u00f3n: 92 min.<\/p>\n<p>Pa\u00eds: <span id=\"country-img\"><img decoding=\"async\" title=\"Cuba\" src=\"https:\/\/www.filmaffinity.com\/imgs\/countries\/CU.jpg\" alt=\"Cuba\" \/><\/span>\u00a0Cuba<\/p>\n<p>Direcci\u00f3n:\u00a0<span class=\"director\"> Fernando P\u00e9rez <\/span><\/p>\n<p>Guion: <span class=\"nb\">Fernando P\u00e9rez,<\/span> <span class=\"nb\">Abel Rodr\u00edguez<\/span><\/p>\n<p>Fotograf\u00eda: <span class=\"nb\">Ra\u00fal P\u00e9rez Ureta<\/span><\/p>\n<p>Reparto:<span class=\"cast\"> Jorge Mart\u00ednez, <\/span> <span class=\"cast\"> Patricio Wood, <\/span> <span class=\"cast\"> Gabriela Ramos, <\/span> <span class=\"cast\"> Cristian Jes\u00fas, <\/span> <span class=\"cast\"> Coralita Veloz, <\/span> <span class=\"cast\"> Ana Gloria Buduen, <\/span> <span class=\"cast\"> Yailene Sierra, <\/span> <span class=\"cast\"> Carmen Solar <\/span><\/p>\n<p>Productora: <span class=\"nb\">Coproducci\u00f3n Cuba-Espa\u00f1a; Besa Films \/ Instituto Cubano del Arte e Industrias Cinematogr\u00e1ficos (ICAIC) \/ Wanda Visi\u00f3n S.A<\/span><\/p>\n<p>G\u00e9nero:Drama | Enfermedad. SIDA. Amistad. Homosexualidad. Inmigraci\u00f3n<\/p>\n<p>Sinopsis: Centro Habana, el coraz\u00f3n de La Habana de hoy. Miguel sue\u00f1a con huir a Nueva York, a la espera de un visado que no llega. Diego sue\u00f1a con vivir. Postrado por el SIDA, libera toda su energ\u00eda desde el camastro del solar en que vive. Una galer\u00eda de sugestivos personajes rodea a la pareja de amigos. Cuando por sorpresa llega el visado, el destino colocar\u00e1 a todos ante una inusitada decisi\u00f3n.<\/p>\n<dl class=\"margin-top movie-info\">\n<dt>Premios<\/dt>\n<dd class=\"award\">\n<div class=\"margin-bottom\">2016: Festival de La Habana: Secci\u00f3n Oficial de largometrajes a concurso<\/div>\n<div class=\"margin-bottom\">2017: Festival de M\u00e1laga: 3 Premios, incluyendo mejor pel\u00edcula iberoamericana<\/div>\n<\/dd>\n<\/dl>\n<p>&nbsp;<\/p>\n<p>&nbsp;<\/p>\n","protected":false},"excerpt":{"rendered":"<p>Lunes 8 de enero, 20:00 h. Centro Cultural Ram\u00f3n Pelayo (Solares). Precio \u00fanico: 2,50\u20ac<\/p>\n","protected":false},"author":4,"featured_media":0,"comment_status":"closed","ping_status":"closed","sticky":false,"template":"","format":"standard","meta":{"footnotes":""},"categories":[59],"tags":[58,116,117],"class_list":["post-3041","post","type-post","status-publish","format-standard","hentry","category-cultura","tag-centro-cultural-ramon-pelayo","tag-cine","tag-filmoteca"],"_links":{"self":[{"href":"https:\/\/mediocudeyo.es\/web\/wp-json\/wp\/v2\/posts\/3041"}],"collection":[{"href":"https:\/\/mediocudeyo.es\/web\/wp-json\/wp\/v2\/posts"}],"about":[{"href":"https:\/\/mediocudeyo.es\/web\/wp-json\/wp\/v2\/types\/post"}],"author":[{"embeddable":true,"href":"https:\/\/mediocudeyo.es\/web\/wp-json\/wp\/v2\/users\/4"}],"replies":[{"embeddable":true,"href":"https:\/\/mediocudeyo.es\/web\/wp-json\/wp\/v2\/comments?post=3041"}],"version-history":[{"count":0,"href":"https:\/\/mediocudeyo.es\/web\/wp-json\/wp\/v2\/posts\/3041\/revisions"}],"wp:attachment":[{"href":"https:\/\/mediocudeyo.es\/web\/wp-json\/wp\/v2\/media?parent=3041"}],"wp:term":[{"taxonomy":"category","embeddable":true,"href":"https:\/\/mediocudeyo.es\/web\/wp-json\/wp\/v2\/categories?post=3041"},{"taxonomy":"post_tag","embeddable":true,"href":"https:\/\/mediocudeyo.es\/web\/wp-json\/wp\/v2\/tags?post=3041"}],"curies":[{"name":"wp","href":"https:\/\/api.w.org\/{rel}","templated":true}]}}