{"id":3050,"date":"2017-12-12T15:00:10","date_gmt":"2017-12-12T14:00:10","guid":{"rendered":"http:\/\/mediocudeyo.es\/web\/?p=3050"},"modified":"2017-12-12T15:00:10","modified_gmt":"2017-12-12T14:00:10","slug":"proceso-de-seleccion-coordinadora-lanzadera-de-empleo-2","status":"publish","type":"post","link":"https:\/\/mediocudeyo.es\/web\/proceso-de-seleccion-coordinadora-lanzadera-de-empleo-2\/","title":{"rendered":"INICIO LANZADERA DE EMPLEO"},"content":{"rendered":"<p>El d\u00eda 12 de febrero , se ha puesto\u00a0 en marcha la <strong>Lanzadera de Empleo y Emprendimiento Solidario del Ayuntamiento de Medio Cudeyo<\/strong>, de acuerdo a la Orden HAC\/40\/2017, de 31 de agosto por la que se acuerdan las bases reguladoras del programa de Lanzaderas de Empleo y Emprendimiento Solidario y publicada en el BOC n\u00ba 175 de 11 de septiembre de 2017.<\/p>\n<p><!--more--><\/p>\n<p>El Alcalde de Medio Cudeyo, Juan Jos\u00e9 Perojo junto con el Concejal de Empleo y Desarrollo Local, Alberto Santamar\u00eda , les han dado la bienvenida a las personas participantes en este Programa as\u00ed como, les han mostrado su apoyo e inter\u00e9s en esta iniciativa.<\/p>\n<p>&nbsp;<\/p>\n","protected":false},"excerpt":{"rendered":"<p>El d\u00eda 12 de febrero , se ha puesto\u00a0 en marcha la Lanzadera de Empleo y Emprendimiento Solidario del Ayuntamiento de Medio Cudeyo, de acuerdo a la Orden HAC\/40\/2017, de [&hellip;]<\/p>\n","protected":false},"author":9,"featured_media":3058,"comment_status":"closed","ping_status":"closed","sticky":false,"template":"","format":"standard","meta":{"footnotes":""},"categories":[33,40],"tags":[94,95],"class_list":["post-3050","post","type-post","status-publish","format-standard","has-post-thumbnail","hentry","category-adl","category-empleo","tag-empleo","tag-lanzadera"],"_links":{"self":[{"href":"https:\/\/mediocudeyo.es\/web\/wp-json\/wp\/v2\/posts\/3050"}],"collection":[{"href":"https:\/\/mediocudeyo.es\/web\/wp-json\/wp\/v2\/posts"}],"about":[{"href":"https:\/\/mediocudeyo.es\/web\/wp-json\/wp\/v2\/types\/post"}],"author":[{"embeddable":true,"href":"https:\/\/mediocudeyo.es\/web\/wp-json\/wp\/v2\/users\/9"}],"replies":[{"embeddable":true,"href":"https:\/\/mediocudeyo.es\/web\/wp-json\/wp\/v2\/comments?post=3050"}],"version-history":[{"count":0,"href":"https:\/\/mediocudeyo.es\/web\/wp-json\/wp\/v2\/posts\/3050\/revisions"}],"wp:featuredmedia":[{"embeddable":true,"href":"https:\/\/mediocudeyo.es\/web\/wp-json\/"}],"wp:attachment":[{"href":"https:\/\/mediocudeyo.es\/web\/wp-json\/wp\/v2\/media?parent=3050"}],"wp:term":[{"taxonomy":"category","embeddable":true,"href":"https:\/\/mediocudeyo.es\/web\/wp-json\/wp\/v2\/categories?post=3050"},{"taxonomy":"post_tag","embeddable":true,"href":"https:\/\/mediocudeyo.es\/web\/wp-json\/wp\/v2\/tags?post=3050"}],"curies":[{"name":"wp","href":"https:\/\/api.w.org\/{rel}","templated":true}]}}