{"id":3148,"date":"2018-01-16T17:10:59","date_gmt":"2018-01-16T16:10:59","guid":{"rendered":"http:\/\/mediocudeyo.es\/web\/?p=3148"},"modified":"2018-01-16T17:10:59","modified_gmt":"2018-01-16T16:10:59","slug":"filmoteca-pasaje-al-amanecer","status":"publish","type":"post","link":"https:\/\/mediocudeyo.es\/web\/filmoteca-pasaje-al-amanecer\/","title":{"rendered":"FILMOTECA: PASAJE AL AMANECER"},"content":{"rendered":"<p><img fetchpriority=\"high\" decoding=\"async\" class=\"alignnone size-full wp-image-3149\" src=\"http:\/\/mediocudeyo.es\/web\/wp-content\/uploads\/2018\/01\/pasaje_al_amanecer-477334785-large.jpg\" alt=\"\" width=\"500\" height=\"714\" \/><\/p>\n<p>Lunes 22 de enero, 20:00 h. Centro Cultural Ram\u00f3n Pelayo (Solares)<\/p>\n<p>Precio \u00fanico 2,50\u20ac<\/p>\n<p><!--more--><\/p>\n<p>T\u00edtulo original: Pasaje al amanecer<\/p>\n<p>A\u00f1o: 2017<\/p>\n<p>Duraci\u00f3n: 100 min.<\/p>\n<p>Pa\u00eds<span id=\"country-img\"><img decoding=\"async\" title=\"Espa\u00f1a\" src=\"https:\/\/www.filmaffinity.com\/imgs\/countries\/ES.jpg\" alt=\"Espa\u00f1a\" \/><\/span>\u00a0Espa\u00f1a<\/p>\n<div class=\"product-details-content margin-bottom-5\"><label class=\"mcu-text-details-text-b\">Calificaci\u00f3n:<\/label> <label class=\"custom-simple-label\">NO RECOMENDADA PARA MENORES DE DOCE A\u00d1OS <\/label><\/div>\n<p>Direcci\u00f3n:<span class=\"director\"> Andreu Castro <\/span>Guion<\/p>\n<div class=\"credits\"><span class=\"nb\">\u00a0<\/span><\/div>\n<p>M\u00fasica: <span class=\"nb\">Andreu Castro<\/span><\/p>\n<div class=\"credits\"><span class=\"nb\">\u00a0<\/span><\/div>\n<p>Fotograf\u00eda: <span class=\"nb\">Diego Navarro<\/span><\/p>\n<p>Reparto:\u00a0<span class=\"cast\"> Elvira M\u00ednguez, <\/span> <span class=\"cast\"> Lola Herrera, <\/span> <span class=\"cast\"> Nicol\u00e1s Coronado, <\/span> <span class=\"cast\"> Andrea Duro, <\/span> <span class=\"cast\"> Ruth D\u00edaz, <\/span> <span class=\"cast\"> Carles Francino, <\/span> <span class=\"cast\"> Antonio Valero, <\/span> <span class=\"cast\"> Pol Monta\u00f1\u00e9s, <\/span> <span class=\"cast\"> Iria Calero, <\/span> <span class=\"cast\"> Anett Duran, <\/span> <span class=\"cast\"> Sergi M\u00e9ndez.<\/span><\/p>\n<p>Productora. <span class=\"nb\">Art Media Producciones \/ La Fabrica de la tele<\/span><\/p>\n<div class=\"credits\"><span class=\"nb\">\u00a0<\/span><\/div>\n<p>G\u00e9nero: Drama | Periodismo<\/p>\n<p>Sinopsis: Noviembre de 2004. El joven foto periodista Javier (Nicol\u00e1s Coronado) recibe una sugerente propuesta de la agencia de prensa en la que trabaja: viajar al cubrir la guerra de Irak a Faluya, donde se est\u00e1 librando la m\u00e1s sangrienta de las batallas del conflicto. Javier acepta, y debe emprender viaje en pocos d\u00edas, el 30 de diciembre. Antes de partir, decide comunicar su decisi\u00f3n a su familia y su novia (Andrea Duro) en Nochebuena. La noticia consigue resquebrajar los cimientos familiares. La vida y las relaciones de todos sus miembros, que viajar\u00e1n a sus propios infiernos personales, se ver\u00e1n modificadas para siempre.<\/p>\n<p>&nbsp;<\/p>\n","protected":false},"excerpt":{"rendered":"<p>Lunes 22 de enero, 20:00 h. Centro Cultural Ram\u00f3n Pelayo (Solares) Precio \u00fanico 2,50\u20ac<\/p>\n","protected":false},"author":4,"featured_media":0,"comment_status":"closed","ping_status":"closed","sticky":false,"template":"","format":"standard","meta":{"footnotes":""},"categories":[59],"tags":[58,116,117],"class_list":["post-3148","post","type-post","status-publish","format-standard","hentry","category-cultura","tag-centro-cultural-ramon-pelayo","tag-cine","tag-filmoteca"],"_links":{"self":[{"href":"https:\/\/mediocudeyo.es\/web\/wp-json\/wp\/v2\/posts\/3148"}],"collection":[{"href":"https:\/\/mediocudeyo.es\/web\/wp-json\/wp\/v2\/posts"}],"about":[{"href":"https:\/\/mediocudeyo.es\/web\/wp-json\/wp\/v2\/types\/post"}],"author":[{"embeddable":true,"href":"https:\/\/mediocudeyo.es\/web\/wp-json\/wp\/v2\/users\/4"}],"replies":[{"embeddable":true,"href":"https:\/\/mediocudeyo.es\/web\/wp-json\/wp\/v2\/comments?post=3148"}],"version-history":[{"count":0,"href":"https:\/\/mediocudeyo.es\/web\/wp-json\/wp\/v2\/posts\/3148\/revisions"}],"wp:attachment":[{"href":"https:\/\/mediocudeyo.es\/web\/wp-json\/wp\/v2\/media?parent=3148"}],"wp:term":[{"taxonomy":"category","embeddable":true,"href":"https:\/\/mediocudeyo.es\/web\/wp-json\/wp\/v2\/categories?post=3148"},{"taxonomy":"post_tag","embeddable":true,"href":"https:\/\/mediocudeyo.es\/web\/wp-json\/wp\/v2\/tags?post=3148"}],"curies":[{"name":"wp","href":"https:\/\/api.w.org\/{rel}","templated":true}]}}