{"id":3196,"date":"2018-01-23T09:06:19","date_gmt":"2018-01-23T08:06:19","guid":{"rendered":"http:\/\/mediocudeyo.es\/web\/?p=3196"},"modified":"2018-01-23T09:06:19","modified_gmt":"2018-01-23T08:06:19","slug":"filmoteca-el-jugador-de-ajedrez","status":"publish","type":"post","link":"https:\/\/mediocudeyo.es\/web\/filmoteca-el-jugador-de-ajedrez\/","title":{"rendered":"FILMOTECA: EL JUGADOR DE AJEDREZ"},"content":{"rendered":"<p><img fetchpriority=\"high\" decoding=\"async\" class=\"alignnone size-large wp-image-3197\" src=\"http:\/\/mediocudeyo.es\/web\/wp-content\/uploads\/2018\/01\/el_jugador_de_ajedrez-471122852-large-691x1024.jpg\" alt=\"\" width=\"474\" height=\"702\" \/><\/p>\n<p>Lunes 29 de enero, 20:00h. Centro Cultural Ram\u00f3n Pelayo (Solares)<\/p>\n<p>Precio \u00fanico: 2,50\u20ac<!--more-->T\u00edtulo original: El jugador de ajedrez<\/p>\n<p>A\u00f1o: 2017<\/p>\n<p>Duraci\u00f3n: 98 min.<\/p>\n<p>Pa\u00eds: <span id=\"country-img\"><img decoding=\"async\" title=\"Espa\u00f1a\" src=\"https:\/\/www.filmaffinity.com\/imgs\/countries\/ES.jpg\" alt=\"Espa\u00f1a\" \/><\/span>\u00a0Espa\u00f1a<\/p>\n<div class=\"product-details-content margin-bottom-5\"><label class=\"mcu-text-details-text-b\">Calificaci\u00f3n:<\/label> <label class=\"custom-simple-label\">NO RECOMENDADA PARA MENORES DE DOCE A\u00d1OS <\/label><\/div>\n<p>Direcci\u00f3n:<span class=\"director\"> Luis Oliveros<\/span><\/p>\n<p>Guion: <span class=\"nb\">Julio Castedo<\/span><\/p>\n<p>M\u00fasica: <span class=\"nb\">Alejandro Vivas<\/span><\/p>\n<p>Fotograf\u00eda: <span class=\"nb\">Juan Carlos G\u00f3mez<\/span><\/p>\n<p>Reparto:<span class=\"cast\"> Marc Clotet, <\/span> <span class=\"cast\"> Melina Matthews, <\/span> <span class=\"cast\"> Alejo Sauras, <\/span> <span class=\"cast\"> Stefan Weinert, <\/span> <span class=\"cast\"> Mike Hoffmann, <\/span> <span class=\"cast\"> Andr\u00e9s Gertr\u00fadix, <\/span> <span class=\"cast\"> Pau Dur\u00e0, <\/span> <span class=\"cast\"> Lionel Auguste, <\/span> <span class=\"cast\"> Maarten Dannenberg, <\/span> <span class=\"cast\"> Christian Stamm, <\/span> <span class=\"cast\"> Juan Del Santo, <\/span> <span class=\"cast\"> Blanca Zurdo, <\/span> <span class=\"cast\"> Karlos Klaumannsmoller, <\/span> <span class=\"cast\"> Scott Alexander Young, <\/span> <span class=\"cast\"> Martin Angerbauer, <\/span> <span class=\"cast\"> Jaume Cervera.<\/span><\/p>\n<p>Productora: <span class=\"nb\">Ishtar Films \/ Tornasol Films \/ Hern\u00e1ndez y Fern\u00e1ndez Producciones Cinematogr\u00e1ficas<\/span><\/p>\n<p>G\u00e9nero: Drama | A\u00f1os 30. II Guerra Mundial. Ajedrez. Nazismo. Drama carcelario. Familia.<\/p>\n<p>Sinopsis: En 1934 Diego Padilla gana el campeonato de Espa\u00f1a de ajedrez y conoce a una periodista francesa, Marianne Latour, de la cual se enamora. Pasados los a\u00f1os Marianne convence a Diego para que junto con la hija de ambos se vayan a vivir a Francia, donde poco tiempo despu\u00e9s Diego ser\u00e1 acusado de esp\u00eda por los nazis y encerrado en una prisi\u00f3n de las SS. En la prisi\u00f3n, Diego intentar\u00e1 sobrevivir en un entorno hostil gracias a la afici\u00f3n al ajedrez del coronel Maier, el oficial al mando, un hombre hier\u00e1tico, hedonista e imprevisible.<\/p>\n<p>&nbsp;<\/p>\n","protected":false},"excerpt":{"rendered":"<p>Lunes 29 de enero, 20:00h. Centro Cultural Ram\u00f3n Pelayo (Solares) Precio \u00fanico: 2,50\u20ac<\/p>\n","protected":false},"author":4,"featured_media":0,"comment_status":"closed","ping_status":"closed","sticky":false,"template":"","format":"standard","meta":{"footnotes":""},"categories":[59],"tags":[58,116,117],"class_list":["post-3196","post","type-post","status-publish","format-standard","hentry","category-cultura","tag-centro-cultural-ramon-pelayo","tag-cine","tag-filmoteca"],"_links":{"self":[{"href":"https:\/\/mediocudeyo.es\/web\/wp-json\/wp\/v2\/posts\/3196"}],"collection":[{"href":"https:\/\/mediocudeyo.es\/web\/wp-json\/wp\/v2\/posts"}],"about":[{"href":"https:\/\/mediocudeyo.es\/web\/wp-json\/wp\/v2\/types\/post"}],"author":[{"embeddable":true,"href":"https:\/\/mediocudeyo.es\/web\/wp-json\/wp\/v2\/users\/4"}],"replies":[{"embeddable":true,"href":"https:\/\/mediocudeyo.es\/web\/wp-json\/wp\/v2\/comments?post=3196"}],"version-history":[{"count":0,"href":"https:\/\/mediocudeyo.es\/web\/wp-json\/wp\/v2\/posts\/3196\/revisions"}],"wp:attachment":[{"href":"https:\/\/mediocudeyo.es\/web\/wp-json\/wp\/v2\/media?parent=3196"}],"wp:term":[{"taxonomy":"category","embeddable":true,"href":"https:\/\/mediocudeyo.es\/web\/wp-json\/wp\/v2\/categories?post=3196"},{"taxonomy":"post_tag","embeddable":true,"href":"https:\/\/mediocudeyo.es\/web\/wp-json\/wp\/v2\/tags?post=3196"}],"curies":[{"name":"wp","href":"https:\/\/api.w.org\/{rel}","templated":true}]}}