{"id":3519,"date":"2018-03-20T12:09:31","date_gmt":"2018-03-20T11:09:31","guid":{"rendered":"http:\/\/mediocudeyo.es\/web\/?p=3519"},"modified":"2018-03-20T12:09:31","modified_gmt":"2018-03-20T11:09:31","slug":"acciones-de-mejora-de-la-empleabilidad","status":"publish","type":"post","link":"https:\/\/mediocudeyo.es\/web\/acciones-de-mejora-de-la-empleabilidad\/","title":{"rendered":"TALLERES DE LAS ESCUELAS CULTURALES DE MEDIO CUDEYO"},"content":{"rendered":"<p><img fetchpriority=\"high\" decoding=\"async\" class=\"alignnone size-large wp-image-6470\" src=\"http:\/\/mediocudeyo.es\/web\/wp-content\/uploads\/2018\/03\/EE.CC-CARTEL-general-JPG-724x1024.jpg\" alt=\"\" width=\"474\" height=\"670\"><\/p>\n<p><strong>ESCUELAS CULTURALES DE MEDIO CUDEYO<\/strong><\/p>\n<p><strong><u>NORMAS DE FUNCIONAMIENTO<\/u><\/strong><\/p>\n<p><strong>&nbsp;<\/strong><\/p>\n<ol>\n<li><strong>INSCRIPCI\u00d3N <\/strong><\/li>\n<\/ol>\n<p>Las reservas de plazas o inscripciones se podr\u00e1n realizar en la siguiente fecha en el Punto de Informaci\u00f3n Municipal (PIM) del Centro Cultural Ram\u00f3n Pelayo:<\/p>\n<ul>\n<li><strong>Periodo de PRE- INSCRIPCI\u00d3N<\/strong>: para que los talleres ofertados alcancen el n\u00famero de plazas m\u00ednimo requerido para poder realizarse, por lo que se pide especialmente a todo el antiguo alumnado que se vaya a matricular en el pr\u00f3ximo curso 2019-2020 que pasen a pre-inscribirse.\n<ol>\n<li>Antiguo alumnado: <strong>del 10 al 21 de junio<\/strong>.<\/li>\n<li>Nuevo alumnado: <strong>del 17 al 28 de junio<\/strong>.<\/li>\n<\/ol>\n<\/li>\n<\/ul>\n<ul>\n<li><strong>Periodo de INSCRIPCI\u00d3N<\/strong>: <strong>del 2 al 13 de septiembre.<\/strong><\/li>\n<li>Documentaci\u00f3n:\n<ol>\n<li>Impreso de solicitud de matr\u00edcula. Disponible en el Punto de Informaci\u00f3n Municipal (PIM) o mediante correo electr\u00f3nico: centrocultural@mediocudeyo.es<\/li>\n<li>Fotocopia del DNI\/Tarjeta de residente en vigor<\/li>\n<\/ol>\n<\/li>\n<\/ul>\n<p>\u00danicamente aquellos alumnos que hayan entregado la documentaci\u00f3n en tiempo y forma ser\u00e1n considerados inscritos.<\/p>\n<p><\/p>\n<ol start=\"2\">\n<li><strong>LISTA DE ADMITIDOS <\/strong><\/li>\n<\/ol>\n<p>Las plazas se otorgar\u00e1n con preferencia para los empadronados en Medio Cudeyo, y en el caso de superar el n\u00famero de alumnos inscritos el n\u00famero de plazas disponibles se realizar\u00e1 por riguroso sorteo. La lista de admitidos ser\u00e1 publicada en la web del Ayuntamiento, as\u00ed como en los paneles del Centro Cultural Ram\u00f3n Pelayo. <strong>Se publicar\u00e1 el d\u00eda 16 de septiembre<\/strong> \u00fanicamente de aquellos talleres que hayan alcanzado el cupo suficiente de plazas en el periodo de Pre-inscripci\u00f3n.<\/p>\n<p><\/p>\n<ol start=\"3\">\n<li><strong>FORMALIZACI\u00d3N DE MATR\u00cdCULAS <\/strong><\/li>\n<\/ol>\n<p>Se realizar\u00e1n en el Punto de Informaci\u00f3n Municipal del Centro Cultural a partir <strong>del 17 de septiembre y hasta el viernes 27 de septiembre <\/strong>(inclusive).<\/p>\n<p>Un mismo alumno no podr\u00e1 matricularse en m\u00e1s de dos talleres, salvo que queden plazas libres al terminar todos los plazos de matriculaci\u00f3n.<\/p>\n<p>Finalizados todos los plazos de matr\u00edcula y siempre que existan plazas libres, se admitir\u00e1n nuevos alumnos. En el caso de producirse un alta en una de las actividades una vez iniciado el curso, el usuario abonar\u00e1 \u00fanicamente la cantidad proporcional al precio finalmente disfrutado m\u00e1s 30 euros en concepto de matr\u00edcula.<\/p>\n<p>Documentaci\u00f3n:<\/p>\n<ol>\n<li>Una <strong><em>fotograf\u00eda <\/em><\/strong>tama\u00f1o carnet reciente (nuevo alumnado)<\/li>\n<li><strong><em>Ficha de terceros<\/em><\/strong> (en el caso de pago fraccionado)<\/li>\n<li><strong><em>Justificante del pago<\/em><\/strong> de matr\u00edcula (en el caso de pago al contado)<\/li>\n<li>Fotocopia de <strong><em>documentaci\u00f3n justificativa<\/em><\/strong> para aplicarse alguno de los descuentos.<\/li>\n<\/ol>\n<p><strong>\u00danicamente aquellos alumnos que hayan entregado la documentaci\u00f3n en tiempo y forma ser\u00e1n considerados matriculados.<\/strong><\/p>\n<p><strong>&nbsp;<\/strong><\/p>\n<ol start=\"4\">\n<li><strong>BAJAS<\/strong><\/li>\n<\/ol>\n<p>La persona que se matricule en cualquier curso se compromete a pagar el total de la matr\u00edcula seg\u00fan se estipula para cada curso, independientemente de que se finalice o no el mismo. Solamente se contemplar\u00e1n aquellos casos que, por fuerza mayor, no puedan finalizar el curso y puedan ser sustituidos por el\/la siguiente de la lista. El\/la alumno\/a que desee causar baja durante el curso deber\u00e1 presentar una solicitud por escrito en el Registro Municipal situado en el Ayuntamiento. Adem\u00e1s, si se solicitara la devoluci\u00f3n de la totalidad o de una parte del importe abonado, deber\u00e1 presentar la documentaci\u00f3n necesaria que justifique la baja, para su valoraci\u00f3n. Los documentos justificativos que se aporten no aseguran por s\u00ed mismos la resoluci\u00f3n a favor del solicitante; la decisi\u00f3n final ser\u00e1 notificada al solicitante tras las valoraciones correspondientes.<\/p>\n<p>De cualquier forma, cuando proceda la devoluci\u00f3n se prorratear\u00e1 por meses completos, en ning\u00fan caso se devolver\u00e1 la cantidad de 30 \u20ac por derechos de matr\u00edcula.<\/p>\n<p><strong>&nbsp;<\/strong><\/p>\n<ol start=\"5\">\n<li><strong>PRECIOS DE LOS TALLERES<\/strong><\/li>\n<\/ol>\n<p><strong>&nbsp;<\/strong><\/p>\n<p>Los importes indicados corresponden a todo el curso (octubre a junio)<\/p>\n<p><strong>&nbsp;<\/strong><\/p>\n<table width=\"655\">\n<tbody>\n<tr>\n<td width=\"189\"><strong>TALLERES seg\u00fan duraci\u00f3n<\/strong><\/td>\n<td width=\"123\"><strong>Empadr. a partir de 12 a\u00f1os<\/strong><\/td>\n<td width=\"113\"><strong>Empadr. hasta 11 a\u00f1os incl.<\/strong><\/td>\n<td width=\"113\"><strong>NO empadr.a partir 12 a\u00f1os<\/strong><\/td>\n<td width=\"117\"><strong>NO empadr. hasta 11 a\u00f1os incl.<\/strong><\/td>\n<\/tr>\n<tr>\n<td width=\"189\">2 HORAS SEMANALES<\/td>\n<td width=\"123\">180 \u20ac<\/td>\n<td width=\"113\">160 \u20ac<\/td>\n<td width=\"113\">216 \u20ac<\/td>\n<td width=\"117\">192 \u20ac<\/td>\n<\/tr>\n<tr>\n<td width=\"189\">1.5 HORAS SEMANALES<\/td>\n<td width=\"123\">140 \u20ac<\/td>\n<td width=\"113\">120 \u20ac<\/td>\n<td width=\"113\">168 \u20ac<\/td>\n<td width=\"117\">144 \u20ac<\/td>\n<\/tr>\n<tr>\n<td width=\"189\">1 HORA SEMANAL<\/td>\n<td width=\"123\">120 \u20ac<\/td>\n<td width=\"113\">100 \u20ac<\/td>\n<td width=\"113\">144 \u20ac<\/td>\n<td width=\"117\">120 \u20ac<\/td>\n<\/tr>\n<\/tbody>\n<\/table>\n<p><strong>&nbsp;<\/strong><\/p>\n<p><em><u>Para la puesta en marcha del taller se requerir\u00e1 un m\u00ednimo de 8 alumnos<\/u><\/em><\/p>\n<p><em><u>&nbsp;<\/u><\/em><\/p>\n<p><strong>DESCUENTOS DE LOS TALLERES<\/strong><\/p>\n<p>&#8211; Tarjeta \u201cAmigos del Centro\u201d: 10%<\/p>\n<p>&#8211; Familia numerosa, pensionista, desempleado o alumnos de otro taller: 10%<\/p>\n<p>LOS DESCUENTOS NO SON ACUMULABLES.<\/p>\n<p><\/p>\n<ol start=\"6\">\n<li><strong>GESTI\u00d3N Y FORMA DE PAGO <\/strong>(Del 17 al 27 de septiembre)<\/li>\n<\/ol>\n<p>Solo se podr\u00e1 realizar el pago <strong><em>una vez adjudicada la plaza del taller<\/em><\/strong>.<\/p>\n<p>El pago del importe de cada curso se puede realizar de dos formas:<\/p>\n<ol>\n<li><strong>CONTADO<\/strong>, en un pago \u00fanico, para lo cual el alumnado estar\u00e1 obligado a formular en el modelo impreso que se facilitar\u00e1, la correspondiente autoliquidaci\u00f3n del importe de la matr\u00edcula. Dicho importe ser\u00e1 ingresado en la Caja Municipal o entidad financiera correspondiente y el justificante del pago se adjuntar\u00e1 a la documentaci\u00f3n necesaria para la matriculaci\u00f3n, sin cuyo requisito no se realizar\u00e1 \u00e9sta. En el concepto ha de constar: Nombre del taller + Nombre del ni\u00f1@.<\/li>\n<li><strong>FRACCIONADO cada dos meses, <\/strong>salvo octubre que se cobrar\u00e1 un importe fijo de 30 \u20ac en concepto de matr\u00edcula (deducible del importe total del curso). Los periodos de pago ser\u00e1n los siguientes:<\/li>\n<\/ol>\n<ul>\n<li>Octubre: del 15 al 30 de octubre<\/li>\n<li>Noviembre y diciembre: del 1 al 10 de diciembre<\/li>\n<li>Enero y febrero: del 1 al 10 de febrero<\/li>\n<li>Marzo y abril: del 1 a 10 de abril<\/li>\n<li>Mayo y junio: del 1 al 10 de junio<\/li>\n<\/ul>\n<p>El cobro de estos pagos fraccionados se realizar\u00e1 mediante recibo girado desde el Ayuntamiento, en el intervalo de fechas arriba se\u00f1alado, a la cuenta aportada en el impreso de matr\u00edcula.<\/p>\n<p>Desde las oficinas de Servicios Generales del Ayuntamiento se comprobar\u00e1 el empadronamiento en Medio Cudeyo de quienes as\u00ed lo han hecho constar en los impresos de inscripci\u00f3n y matr\u00edcula. Si alguien no figurara en el Padr\u00f3n Municipal, perder\u00e1 las bonificaciones propias del empadronamiento en Medio Cudeyo.<\/p>\n<p>En caso de suspensi\u00f3n de las clases por enfermedad del profesorado u otros motivos, se notificar\u00e1 mediante cartel en el Tabl\u00f3n de Anuncios del Centro Cultural. La elecci\u00f3n del d\u00eda de recuperaci\u00f3n de la clase queda sujeta al acuerdo entre profesor\/a y alumnado.<\/p>\n<p>Es responsabilidad del alumnado el cuidado y mantenimiento de los materiales que se pongan a su disposici\u00f3n, as\u00ed como de sus enseres personales.<\/p>\n<p>El alumno\/a deber\u00e1 aportar el material b\u00e1sico de acuerdo con el curso que desee seguir.<\/p>\n<p><\/p>\n<p><strong>DESCRIPCI\u00d3N DE LOS TALLERES Y DURACI\u00d3N <\/strong><\/p>\n<p><\/p>\n<table style=\"height: 424px;\" width=\"692\">\n<tbody>\n<tr>\n<td rowspan=\"2\" width=\"444\"><strong>TALLER<\/strong><\/td>\n<td colspan=\"2\" width=\"178\"><strong>HORARIO<\/strong><\/td>\n<td rowspan=\"2\" width=\"72\"><strong>Horas semana<\/strong><\/td>\n<\/tr>\n<tr>\n<td width=\"82\"><strong>D\u00eda<\/strong><\/td>\n<td width=\"96\"><strong>Hora<\/strong><\/td>\n<\/tr>\n<tr>\n<td width=\"444\">AJEDREZ (6 a 16 a\u00f1os)<p><\/p>\n<p>LITTLE CHEF (talleres de cocina en ingl\u00e9s) (3-5 a\u00f1os)<\/p>\n<\/td>\n<td width=\"82\">&nbsp; Martes<p><\/p>\n<p>Mi\u00e9rcoles<\/p>\n<\/td>\n<td width=\"96\">18:00-19:00<p><\/p>\n<p>17:15-18:15<\/p>\n<\/td>\n<td width=\"72\">1<p><\/p>\n<p>1<\/p>\n<\/td>\n<\/tr>\n<tr>\n<td width=\"444\">LITTLE CHEF (talleres de cocina en ingl\u00e9s) (6-10 a\u00f1os)<\/td>\n<td width=\"82\">Mi\u00e9rcoles<\/td>\n<td width=\"96\">18:15-19:15<\/td>\n<td width=\"72\">1<\/td>\n<\/tr>\n<tr>\n<td width=\"444\">TEATRO adultos<\/td>\n<td width=\"82\">Jueves<\/td>\n<td width=\"96\">19:30-21:00<\/td>\n<td width=\"72\">1,5<\/td>\n<\/tr>\n<tr>\n<td width=\"444\">TEATRO ni\u00f1os\/as (De 6 a 11 a\u00f1os)<\/td>\n<td width=\"82\">Jueves<\/td>\n<td width=\"96\">17:30-19:00<\/td>\n<td width=\"72\">1,5<\/td>\n<\/tr>\n<tr>\n<td width=\"444\">TEATRO j\u00f3venes (De 12 a 16 a\u00f1os)<\/td>\n<td width=\"82\">Lunes<\/td>\n<td width=\"96\">18:00-19:30<\/td>\n<td width=\"72\">1,5<\/td>\n<\/tr>\n<tr>\n<td width=\"444\">FOTOGRAF\u00cdA (Desde 16 a\u00f1os)<\/td>\n<td width=\"82\">Mi\u00e9rcoles<\/td>\n<td width=\"96\">19:30-21:00<\/td>\n<td width=\"72\">1,5<\/td>\n<\/tr>\n<tr>\n<td width=\"444\">DOBLAJE Y LOCUCI\u00d3N (Desde 14 a\u00f1os)<\/td>\n<td width=\"82\">Viernes<\/td>\n<td width=\"96\">19:00-21:00<\/td>\n<td width=\"72\">2<\/td>\n<\/tr>\n<tr>\n<td width=\"444\">YOGA Infantil (De 6 a 11 a\u00f1os)<\/td>\n<td width=\"82\">Lunes<\/td>\n<td width=\"96\">17:30-18:30<\/td>\n<td width=\"72\">1<\/td>\n<\/tr>\n<tr>\n<td width=\"444\">ROB\u00d3TICA 6-10 a\u00f1os<\/td>\n<td width=\"82\">Viernes<\/td>\n<td width=\"96\">17:30-19:00<\/td>\n<td width=\"72\">1,5<\/td>\n<\/tr>\n<tr>\n<td width=\"444\">ROB\u00d3TICA 11-16 a\u00f1os<\/td>\n<td width=\"82\">Viernes<\/td>\n<td width=\"96\">19:00-20:30<\/td>\n<td width=\"72\">1,5<\/td>\n<\/tr>\n<\/tbody>\n<\/table>\n<p style=\"text-align: left;\"><strong>NUEVO CURSO CON INSCRIPCIONES EN SEPTIEMBRE:<\/strong><\/p>\n<p style=\"text-align: left;\">TAICHI (movimiento y salud) (Adultos)&nbsp;&nbsp; Jueves&nbsp; 10:30-11:30 h. 1 h. semanal.<\/p>\n<p><strong>INICIO DE LOS TALLERES Y LUGAR DE IMPARTICI\u00d3N<\/strong><\/p>\n<p>En la primera semana de octubre (a partir del d\u00eda 1) dar\u00e1n comienzo, en el d\u00eda correspondiente, todos los talleres que hayan alcanzado el cupo suficiente. Se impartir\u00e1n en las diferentes aulas del Centro Cultural Ram\u00f3n Pelayo (Solares) y otras aulas Municipales (consultar al inicio del curso en el Punto de Informaci\u00f3n Municipal).<\/p>\n<p><em><u>&nbsp;<\/u><\/em><\/p>\n<p><strong><em><u>Para conocer el importe correspondiente a cada taller:<\/u><\/em><\/strong><\/p>\n<p><em>&nbsp;<\/em><\/p>\n<p><em>1\u00ba Seleccionar el taller de la tabla DESCRIPCI\u00d3N DE LOS TALLERES Y DURACI\u00d3N. <\/em><\/p>\n<p><em>Ejemplo: Teatro (adultos)<\/em><\/p>\n<p><em>2\u00ba Comprobar cu\u00e1ntas horas semanales se imparten.<\/em><\/p>\n<p><em>Ejemplo: 1,5<\/em><\/p>\n<p><em>3\u00ba Consultar la tabla PRECIOS DE LOS TALLERES.<\/em><\/p>\n<p><em>Ejemplo: Si es una persona empadronada en Medio Cudeyo = 140 \u20ac; si no est\u00e1 empadronada = 190 \u20ac.<\/em><\/p>\n<p><em>&nbsp;<\/em><\/p>\n<p><em>Los importes indicados corresponden a todo el curso y se puede elegir la forma de pago: fraccionado bimensualmente o al contado.<\/em><\/p>\n<p><em>&nbsp;<\/em><\/p>\n<h4><a href=\"http:\/\/mediocudeyo.es\/web\/wp-content\/uploads\/2019\/06\/Solicitud-EECC.pdf\"><strong>DESCARGA AQU\u00cd EL IMPRESO DE SOLICITUD<\/strong><\/a><\/h4>\n<p><em>&nbsp;<\/em><\/p>\n<p><em>&nbsp;<\/em><\/p>\n<p><em>&nbsp;<\/em><\/p>\n<p><em>&nbsp;<\/em><\/p>\n<p><em>&nbsp;<\/em><\/p>\n<p><em>&nbsp;<\/em><\/p>\n<p><\/p>\n\n\n<p><\/p>\n","protected":false},"excerpt":{"rendered":"<p>ESCUELAS CULTURALES DE MEDIO CUDEYO NORMAS DE FUNCIONAMIENTO &nbsp; INSCRIPCI\u00d3N Las reservas de plazas o inscripciones se podr\u00e1n realizar en la siguiente fecha en el Punto de Informaci\u00f3n Municipal (PIM) [&hellip;]<\/p>\n","protected":false},"author":2,"featured_media":4222,"comment_status":"closed","ping_status":"closed","sticky":false,"template":"","format":"standard","meta":{"footnotes":""},"categories":[59],"tags":[58,118,92],"class_list":["post-3519","post","type-post","status-publish","format-standard","has-post-thumbnail","hentry","category-cultura","tag-centro-cultural-ramon-pelayo","tag-cursos-y-talleres","tag-escuelas-culturales"],"_links":{"self":[{"href":"https:\/\/mediocudeyo.es\/web\/wp-json\/wp\/v2\/posts\/3519"}],"collection":[{"href":"https:\/\/mediocudeyo.es\/web\/wp-json\/wp\/v2\/posts"}],"about":[{"href":"https:\/\/mediocudeyo.es\/web\/wp-json\/wp\/v2\/types\/post"}],"author":[{"embeddable":true,"href":"https:\/\/mediocudeyo.es\/web\/wp-json\/wp\/v2\/users\/2"}],"replies":[{"embeddable":true,"href":"https:\/\/mediocudeyo.es\/web\/wp-json\/wp\/v2\/comments?post=3519"}],"version-history":[{"count":0,"href":"https:\/\/mediocudeyo.es\/web\/wp-json\/wp\/v2\/posts\/3519\/revisions"}],"wp:featuredmedia":[{"embeddable":true,"href":"https:\/\/mediocudeyo.es\/web\/wp-json\/"}],"wp:attachment":[{"href":"https:\/\/mediocudeyo.es\/web\/wp-json\/wp\/v2\/media?parent=3519"}],"wp:term":[{"taxonomy":"category","embeddable":true,"href":"https:\/\/mediocudeyo.es\/web\/wp-json\/wp\/v2\/categories?post=3519"},{"taxonomy":"post_tag","embeddable":true,"href":"https:\/\/mediocudeyo.es\/web\/wp-json\/wp\/v2\/tags?post=3519"}],"curies":[{"name":"wp","href":"https:\/\/api.w.org\/{rel}","templated":true}]}}