{"id":3535,"date":"2018-03-27T14:27:49","date_gmt":"2018-03-27T13:27:49","guid":{"rendered":"http:\/\/mediocudeyo.es\/web\/?p=3535"},"modified":"2018-03-27T14:27:49","modified_gmt":"2018-03-27T13:27:49","slug":"filmoteca-la-vida-y-nada-mas","status":"publish","type":"post","link":"https:\/\/mediocudeyo.es\/web\/filmoteca-la-vida-y-nada-mas\/","title":{"rendered":"FILMOTECA: LA VIDA Y NADA M\u00c1S"},"content":{"rendered":"<p><img fetchpriority=\"high\" decoding=\"async\" class=\"alignnone size-large wp-image-3536\" src=\"http:\/\/mediocudeyo.es\/web\/wp-content\/uploads\/2018\/03\/la_vida_y_nada_mas_life_nothing_more-327210532-large-712x1024.jpg\" alt=\"\" width=\"474\" height=\"682\" \/><\/p>\n<p>Lunes 2 de abril, 20:00 h.<\/p>\n<p>Centro Cultural Ram\u00f3n Pelayo (Solares)<\/p>\n<p>Precio \u00fanico: 2,50\u20ac<!--more--><\/p>\n<dl class=\"movie-info\">\n<dt>T\u00edtulo original<\/dt>\n<dd>La vida y nada m\u00e1s (Life &amp; Nothing More)<\/dd>\n<dt>A\u00f1o<\/dt>\n<dd>2017<\/dd>\n<dt>Duraci\u00f3n<\/dt>\n<dd>114 min.<\/dd>\n<dt>Pa\u00eds<\/dt>\n<dd><span id=\"country-img\"><img decoding=\"async\" title=\"Espa\u00f1a\" src=\"https:\/\/www.filmaffinity.com\/imgs\/countries\/ES.jpg\" alt=\"Espa\u00f1a\" \/><\/span>\u00a0Espa\u00f1a<\/dd>\n<dd>\n<div class=\"product-details-content margin-bottom-5\"><strong><label class=\"mcu-text-details-text-b\">Calificaci\u00f3n<\/label><\/strong><\/div>\n<div class=\"product-details-content margin-bottom-5\"><label class=\"custom-simple-label\">NO RECOMENDADA PARA MENORES DE DOCE A\u00d1OS <\/label><\/div>\n<\/dd>\n<dt>Direcci\u00f3n<\/dt>\n<dd class=\"directors\"><span class=\"director\"> Antonio M\u00e9ndez Esparza <\/span><\/dd>\n<dt>Guion<\/dt>\n<dd>\n<div class=\"credits\"><span class=\"nb\">Antonio M\u00e9ndez Esparza<\/span><\/div>\n<\/dd>\n<dt>Fotograf\u00eda<\/dt>\n<dd>\n<div class=\"credits\"><span class=\"nb\">Barbu Balasoiu<\/span><\/div>\n<\/dd>\n<dt>Reparto<\/dt>\n<dd><span class=\"cast\"> Andrew Bleechington, <\/span> <span class=\"cast\"> Regina Williams, <\/span> <span class=\"cast\"> Robert Williams, <\/span> <span class=\"cast\"> Ry&#8217;nesia Chambers <\/span><\/dd>\n<dt>Productora<\/dt>\n<dd>\n<div class=\"credits\"><span class=\"nb\">Aqu\u00ed y All\u00ed Films<\/span><\/div>\n<\/dd>\n<dt>G\u00e9nero<\/dt>\n<dd>Drama<\/dd>\n<dt>Sinopsis<\/dt>\n<dd>Regina es una madre soltera que vive al norte del estado de Florida con sus dos hijos, tratando de llegar a fin de mes al tiempo que lucha contra la rutina y las dificultades del d\u00eda a d\u00eda. Su hijo mayor, Andrew, de 14 a\u00f1os, est\u00e1 lleno de desprecio hacia su madre, y \u00fanicamente la amenaza de la justicia les unir\u00e1 y cambiar\u00e1 sus vidas para siempre.<\/dd>\n<\/dl>\n<dl class=\"margin-top movie-info\">\n<dt>Premios<\/dt>\n<dd class=\"award\">\n<div class=\"margin-bottom\">2017: Festival de San Sebasti\u00e1n: Secci\u00f3n oficial<\/div>\n<div class=\"margin-bottom\">2017: Premios Independent Spirit: Premio John Cassavetes<\/div>\n<div class=\"margin-bottom\">2017: Premios Feroz: Premio Especial<\/div>\n<\/dd>\n<\/dl>\n","protected":false},"excerpt":{"rendered":"<p>Lunes 2 de abril, 20:00 h. Centro Cultural Ram\u00f3n Pelayo (Solares) Precio \u00fanico: 2,50\u20ac<\/p>\n","protected":false},"author":4,"featured_media":0,"comment_status":"closed","ping_status":"closed","sticky":false,"template":"","format":"standard","meta":{"footnotes":""},"categories":[59],"tags":[58,116,117],"class_list":["post-3535","post","type-post","status-publish","format-standard","hentry","category-cultura","tag-centro-cultural-ramon-pelayo","tag-cine","tag-filmoteca"],"_links":{"self":[{"href":"https:\/\/mediocudeyo.es\/web\/wp-json\/wp\/v2\/posts\/3535"}],"collection":[{"href":"https:\/\/mediocudeyo.es\/web\/wp-json\/wp\/v2\/posts"}],"about":[{"href":"https:\/\/mediocudeyo.es\/web\/wp-json\/wp\/v2\/types\/post"}],"author":[{"embeddable":true,"href":"https:\/\/mediocudeyo.es\/web\/wp-json\/wp\/v2\/users\/4"}],"replies":[{"embeddable":true,"href":"https:\/\/mediocudeyo.es\/web\/wp-json\/wp\/v2\/comments?post=3535"}],"version-history":[{"count":0,"href":"https:\/\/mediocudeyo.es\/web\/wp-json\/wp\/v2\/posts\/3535\/revisions"}],"wp:attachment":[{"href":"https:\/\/mediocudeyo.es\/web\/wp-json\/wp\/v2\/media?parent=3535"}],"wp:term":[{"taxonomy":"category","embeddable":true,"href":"https:\/\/mediocudeyo.es\/web\/wp-json\/wp\/v2\/categories?post=3535"},{"taxonomy":"post_tag","embeddable":true,"href":"https:\/\/mediocudeyo.es\/web\/wp-json\/wp\/v2\/tags?post=3535"}],"curies":[{"name":"wp","href":"https:\/\/api.w.org\/{rel}","templated":true}]}}