{"id":3552,"date":"2018-04-03T07:24:54","date_gmt":"2018-04-03T06:24:54","guid":{"rendered":"http:\/\/mediocudeyo.es\/web\/?p=3552"},"modified":"2018-04-03T07:24:54","modified_gmt":"2018-04-03T06:24:54","slug":"filmoteca-la-escala","status":"publish","type":"post","link":"https:\/\/mediocudeyo.es\/web\/filmoteca-la-escala\/","title":{"rendered":"FILMOTECA: LA ESCALA"},"content":{"rendered":"<p><img fetchpriority=\"high\" decoding=\"async\" class=\"alignnone size-large wp-image-3553\" src=\"http:\/\/mediocudeyo.es\/web\/wp-content\/uploads\/2018\/04\/voir_du_pays_the_stopover-878718349-large-754x1024.jpg\" alt=\"\" width=\"474\" height=\"644\" \/><\/p>\n<p>Lunes 9 de abril, 20:00 h.<\/p>\n<p>Centro Cultural Ram\u00f3n Pelayo (Solares)<\/p>\n<p>Precio \u00fanico: 2,50\u20ac<\/p>\n<p>V. O. subtitulada<!--more--><\/p>\n<dl class=\"movie-info\">\n<dt>T\u00edtulo original<\/dt>\n<dd>Voir du pays (The Stopover)<span class=\"show-akas ui-corner-all\">aka <i class=\"fa fa-caret-down\"><\/i><\/span><\/dd>\n<dt>A\u00f1o<\/dt>\n<dd>2016<\/dd>\n<dt>Duraci\u00f3n<\/dt>\n<dd>102 min.<\/dd>\n<dd>\n<div class=\"product-details-content  margin-bottom-5\"><strong><label class=\"mcu-text-details-text-b\">Calificaci\u00f3n<\/label><\/strong><\/div>\n<div class=\"product-details-content  margin-bottom-5\"><label class=\"custom-simple-label\">NO RECOMENDADA PARA MENORES DE DOCE A\u00d1OS <\/label><\/div>\n<\/dd>\n<dt>Pa\u00eds<\/dt>\n<dd><span id=\"country-img\"><img decoding=\"async\" title=\"Francia\" src=\"https:\/\/www.filmaffinity.com\/imgs\/countries\/FR.jpg\" alt=\"Francia\" \/><\/span>\u00a0Francia<\/dd>\n<dt>Direcci\u00f3n<\/dt>\n<dd class=\"directors\"><span class=\"director\"> Delphine Coulin, <\/span> <span class=\"director\"> Muriel Coulin <\/span><\/dd>\n<dt>Guion<\/dt>\n<dd>\n<div class=\"credits\"><span class=\"nb\">Delphine Coulin,<\/span> <span class=\"nb\">Muriel Coulin<\/span><\/div>\n<\/dd>\n<dt>Fotograf\u00eda<\/dt>\n<dd>\n<div class=\"credits\"><span class=\"nb\">Jean-Louis Vialard<\/span><\/div>\n<\/dd>\n<dt>Reparto<\/dt>\n<dd><span class=\"cast\"> Soko, <\/span> <span class=\"cast\"> Ariane Labed, <\/span> <span class=\"cast\"> Ginger Rom\u00e0n, <\/span> <span class=\"cast\"> Karim Leklou, <\/span> <span class=\"cast\"> Robin Barde, <\/span> <span class=\"cast\"> Damien Bonnard, <\/span> <span class=\"cast\"> Andreas Konstantinou, <\/span> <span class=\"cast\"> J\u00e9r\u00e9mie Laheurte, <\/span> <span class=\"cast\"> Sylvain Loreau, <\/span> <span class=\"cast\"> Alexis Manenti, <\/span> <span class=\"cast\"> Kostis Maravegias, <\/span> <span class=\"cast\"> Makis Papadimitriou <\/span><\/dd>\n<dt>Productora<\/dt>\n<dd>\n<div class=\"credits\"><span class=\"nb\">Archipel 35 \/ Blonde Audiovisual Productions \/ Arte France Cin\u00e9ma<\/span><\/div>\n<\/dd>\n<dt>G\u00e9nero<\/dt>\n<dd>Drama | Guerra de Afganist\u00e1n. Ej\u00e9rcito<\/dd>\n<dt>Sinopsis<\/dt>\n<dd>Dos j\u00f3venes mujeres militares, Aurore y Marine, regresan de Afganist\u00e1n. Junto con su secci\u00f3n, van a pasar tres d\u00edas en un hotel de cinco estrellas en Chipre, entre turistas de vacaciones, para disfrutar de lo que el ej\u00e9rcito llama una &#8216;c\u00e1mara de descompresi\u00f3n&#8217; para ayudarles a &#8216;olvidar&#8217; la guerra. Sin embargo, no es tan sencillo deshacerse de la violencia\u2026<\/dd>\n<\/dl>\n<dl class=\"margin-top movie-info\">\n<dt>Premios<\/dt>\n<dd class=\"award\">\n<div class=\"margin-bottom\">2016: Festival de Cannes: Mejor gui\u00f3n (Un Certain Regard)<\/div>\n<\/dd>\n<\/dl>\n","protected":false},"excerpt":{"rendered":"<p>Lunes 9 de abril, 20:00 h. Centro Cultural Ram\u00f3n Pelayo (Solares) Precio \u00fanico: 2,50\u20ac V. O. subtitulada<\/p>\n","protected":false},"author":4,"featured_media":0,"comment_status":"closed","ping_status":"closed","sticky":false,"template":"","format":"standard","meta":{"footnotes":""},"categories":[59],"tags":[58,116,117],"class_list":["post-3552","post","type-post","status-publish","format-standard","hentry","category-cultura","tag-centro-cultural-ramon-pelayo","tag-cine","tag-filmoteca"],"_links":{"self":[{"href":"https:\/\/mediocudeyo.es\/web\/wp-json\/wp\/v2\/posts\/3552"}],"collection":[{"href":"https:\/\/mediocudeyo.es\/web\/wp-json\/wp\/v2\/posts"}],"about":[{"href":"https:\/\/mediocudeyo.es\/web\/wp-json\/wp\/v2\/types\/post"}],"author":[{"embeddable":true,"href":"https:\/\/mediocudeyo.es\/web\/wp-json\/wp\/v2\/users\/4"}],"replies":[{"embeddable":true,"href":"https:\/\/mediocudeyo.es\/web\/wp-json\/wp\/v2\/comments?post=3552"}],"version-history":[{"count":0,"href":"https:\/\/mediocudeyo.es\/web\/wp-json\/wp\/v2\/posts\/3552\/revisions"}],"wp:attachment":[{"href":"https:\/\/mediocudeyo.es\/web\/wp-json\/wp\/v2\/media?parent=3552"}],"wp:term":[{"taxonomy":"category","embeddable":true,"href":"https:\/\/mediocudeyo.es\/web\/wp-json\/wp\/v2\/categories?post=3552"},{"taxonomy":"post_tag","embeddable":true,"href":"https:\/\/mediocudeyo.es\/web\/wp-json\/wp\/v2\/tags?post=3552"}],"curies":[{"name":"wp","href":"https:\/\/api.w.org\/{rel}","templated":true}]}}