{"id":3622,"date":"2018-04-17T07:37:46","date_gmt":"2018-04-17T06:37:46","guid":{"rendered":"http:\/\/mediocudeyo.es\/web\/?p=3622"},"modified":"2018-04-17T07:37:46","modified_gmt":"2018-04-17T06:37:46","slug":"filmoteca-tratar-con-cuidado","status":"publish","type":"post","link":"https:\/\/mediocudeyo.es\/web\/filmoteca-tratar-con-cuidado\/","title":{"rendered":"FILMOTECA: TRATAR CON CUIDADO"},"content":{"rendered":"<p><img fetchpriority=\"high\" decoding=\"async\" class=\"alignnone size-full wp-image-3625\" src=\"http:\/\/mediocudeyo.es\/web\/wp-content\/uploads\/2018\/04\/hjertestart-409914458-large.jpg\" alt=\"\" width=\"666\" height=\"1000\" \/><\/p>\n<p>Lunes 23 de abril, 20:00 h.<\/p>\n<p>Centro Cultural Ram\u00f3n Pelayo (Solares)<\/p>\n<p>Precio \u00fanico: 2,50\u20ac<\/p>\n<p>V. O. subtitulada<!--more--><\/p>\n<p>T\u00edtulo original: Hjertestart<\/p>\n<p>A\u00f1o: 2017<\/p>\n<p>Duraci\u00f3n: 102 min.<\/p>\n<p>Pa\u00eds: <span id=\"country-img\"><img decoding=\"async\" title=\"Noruega\" src=\"https:\/\/www.filmaffinity.com\/imgs\/countries\/NO.jpg\" alt=\"Noruega\" \/><\/span>\u00a0Noruega<\/p>\n<p>Direcci\u00f3n:\u00a0<span class=\"director\"> Arild Andresen<\/span><\/p>\n<p>Guion: <span class=\"nb\">Arild Andresen,<\/span> <span class=\"nb\">Jorge Camacho,<\/span> <span class=\"nb\">Hilde Susan Jaegtnes<\/span><\/p>\n<p>M\u00fasica: <span class=\"nb\">Jonas Struck<\/span><\/p>\n<p>Fotograf\u00eda: <span class=\"nb\">David Katznelson<\/span><\/p>\n<p>Reparto:\u00a0<span class=\"cast\"> Kristoffer Joner, <\/span> <span class=\"cast\"> Marlon Moreno, <\/span> <span class=\"cast\"> Patricia Cata\u00f1eda, <\/span> <span class=\"cast\"> Amalia Santa Maria<\/span><\/p>\n<p>Productora: <span class=\"nb\">Motlys \/ The Film Kitchen \/ GOfilm<\/span><\/p>\n<p>G\u00e9nero: Drama<\/p>\n<p>Sinopsis: Cuando muere su esposa, Kjetil se hace cargo de su hijo adoptivo Daniel, de 6 a\u00f1os. En un acto de desesperaci\u00f3n, lleva a Daniel a Colombia para buscar a la madre biol\u00f3gica del ni\u00f1o.<\/p>\n<p>&nbsp;<\/p>\n","protected":false},"excerpt":{"rendered":"<p>Lunes 23 de abril, 20:00 h. Centro Cultural Ram\u00f3n Pelayo (Solares) Precio \u00fanico: 2,50\u20ac V. O. subtitulada<\/p>\n","protected":false},"author":4,"featured_media":0,"comment_status":"closed","ping_status":"closed","sticky":false,"template":"","format":"standard","meta":{"footnotes":""},"categories":[59],"tags":[58,116,117],"class_list":["post-3622","post","type-post","status-publish","format-standard","hentry","category-cultura","tag-centro-cultural-ramon-pelayo","tag-cine","tag-filmoteca"],"_links":{"self":[{"href":"https:\/\/mediocudeyo.es\/web\/wp-json\/wp\/v2\/posts\/3622"}],"collection":[{"href":"https:\/\/mediocudeyo.es\/web\/wp-json\/wp\/v2\/posts"}],"about":[{"href":"https:\/\/mediocudeyo.es\/web\/wp-json\/wp\/v2\/types\/post"}],"author":[{"embeddable":true,"href":"https:\/\/mediocudeyo.es\/web\/wp-json\/wp\/v2\/users\/4"}],"replies":[{"embeddable":true,"href":"https:\/\/mediocudeyo.es\/web\/wp-json\/wp\/v2\/comments?post=3622"}],"version-history":[{"count":0,"href":"https:\/\/mediocudeyo.es\/web\/wp-json\/wp\/v2\/posts\/3622\/revisions"}],"wp:attachment":[{"href":"https:\/\/mediocudeyo.es\/web\/wp-json\/wp\/v2\/media?parent=3622"}],"wp:term":[{"taxonomy":"category","embeddable":true,"href":"https:\/\/mediocudeyo.es\/web\/wp-json\/wp\/v2\/categories?post=3622"},{"taxonomy":"post_tag","embeddable":true,"href":"https:\/\/mediocudeyo.es\/web\/wp-json\/wp\/v2\/tags?post=3622"}],"curies":[{"name":"wp","href":"https:\/\/api.w.org\/{rel}","templated":true}]}}