{"id":3659,"date":"2018-04-24T13:40:51","date_gmt":"2018-04-24T12:40:51","guid":{"rendered":"http:\/\/mediocudeyo.es\/web\/?p=3659"},"modified":"2018-04-24T13:40:51","modified_gmt":"2018-04-24T12:40:51","slug":"filmoteca-lou-andreas-salome","status":"publish","type":"post","link":"https:\/\/mediocudeyo.es\/web\/filmoteca-lou-andreas-salome\/","title":{"rendered":"FILMOTECA: LOU ANDREAS-SALOM\u00c9"},"content":{"rendered":"<p><img fetchpriority=\"high\" decoding=\"async\" class=\"alignnone size-large wp-image-3660\" src=\"http:\/\/mediocudeyo.es\/web\/wp-content\/uploads\/2018\/04\/lou_andreas_salome-909753970-large-728x1024.jpg\" alt=\"\" width=\"474\" height=\"667\" \/><\/p>\n<p>Lunes 30 de abril, 20.00 h.<\/p>\n<p>Centro Cultural ram\u00f3n Pelayo (Solares)<\/p>\n<p>Precio \u00fanico: 2,50\u20ac<\/p>\n<p>V. O. subtitulada<!--more-->T\u00edtulo original: Lou Andreas-Salom\u00e9<\/p>\n<p>A\u00f1o: 2016<\/p>\n<p>Duraci\u00f3n: 113 min.<\/p>\n<p>Pa\u00eds: <span id=\"country-img\"><img decoding=\"async\" title=\"Alemania\" src=\"https:\/\/www.filmaffinity.com\/imgs\/countries\/DE.jpg\" alt=\"Alemania\" \/><\/span>\u00a0Alemania<\/p>\n<p><label class=\"mcu-text-details-text-b\">Calificaci\u00f3n:<\/label> <label class=\"custom-simple-label\">NO RECOMENDADA PARA MENORES DE DOCE A\u00d1OS y distintivo ESPECIALMENTE RECOMENDADA PARA EL FOMENTO DE LA IGUALDAD DE G\u00c9NERO<\/label><\/p>\n<p>Direcci\u00f3n:\u00a0<span class=\"director\"> Cordula Kablitz-Post<\/span><\/p>\n<p>Guion: <span class=\"nb\">Cordula Kablitz-Post,<\/span> <span class=\"nb\">Susanne Hertel<\/span><\/p>\n<p>M\u00fasica: <span class=\"nb\">Judit Varga<\/span><\/p>\n<p>Fotograf\u00eda: <span class=\"nb\">Matthias Schellenberg<\/span><\/p>\n<p>Reparto:\u00a0<span class=\"cast\"> Nicole Heesters, <\/span> <span class=\"cast\"> Katharina Lorenz, <\/span> <span class=\"cast\"> Liv Lisa Fries, <\/span> <span class=\"cast\"> Helena Pieske, <\/span> <span class=\"cast\"> Matthias Lier, <\/span> <span class=\"cast\"> Katharina Sch\u00fcttler, <\/span> <span class=\"cast\"> Julius Feldmeier, <\/span> <span class=\"cast\"> Peter Simonischek <\/span><\/p>\n<p>Productora: <span class=\"nb\">Coproducci\u00f3n Alemania-Austria; Senator Film Produktion \/ \u00d6sterreichischer Rundfunk (ORF) \/ NDR &#8211; Norddeutscher Rundfunk \/ KGP Kranzelbinder Gabriele Production \/ Avanti Media Fiction<\/span><\/p>\n<p>G\u00e9nero: Drama | Biogr\u00e1fico. Siglo XIX. A\u00f1os 1900<\/p>\n<p>Sinopsis: Biopic de la escritora rusa Lou Andreas-Salom\u00e9 (1861-1937), una mujer adelantada a su tiempo que departi\u00f3 con Nietzsche, fue analizada por Sigmund Freud y se rode\u00f3 de grandes\u00a0 artistas y escritores de finales de la \u00e9poca como el poeta Rainer Maria Rilke, de la que fue amante.<\/p>\n<p>&nbsp;<\/p>\n","protected":false},"excerpt":{"rendered":"<p>Lunes 30 de abril, 20.00 h. Centro Cultural ram\u00f3n Pelayo (Solares) Precio \u00fanico: 2,50\u20ac V. O. subtitulada<\/p>\n","protected":false},"author":4,"featured_media":0,"comment_status":"closed","ping_status":"closed","sticky":false,"template":"","format":"standard","meta":{"footnotes":""},"categories":[59],"tags":[58,116,117],"class_list":["post-3659","post","type-post","status-publish","format-standard","hentry","category-cultura","tag-centro-cultural-ramon-pelayo","tag-cine","tag-filmoteca"],"_links":{"self":[{"href":"https:\/\/mediocudeyo.es\/web\/wp-json\/wp\/v2\/posts\/3659"}],"collection":[{"href":"https:\/\/mediocudeyo.es\/web\/wp-json\/wp\/v2\/posts"}],"about":[{"href":"https:\/\/mediocudeyo.es\/web\/wp-json\/wp\/v2\/types\/post"}],"author":[{"embeddable":true,"href":"https:\/\/mediocudeyo.es\/web\/wp-json\/wp\/v2\/users\/4"}],"replies":[{"embeddable":true,"href":"https:\/\/mediocudeyo.es\/web\/wp-json\/wp\/v2\/comments?post=3659"}],"version-history":[{"count":0,"href":"https:\/\/mediocudeyo.es\/web\/wp-json\/wp\/v2\/posts\/3659\/revisions"}],"wp:attachment":[{"href":"https:\/\/mediocudeyo.es\/web\/wp-json\/wp\/v2\/media?parent=3659"}],"wp:term":[{"taxonomy":"category","embeddable":true,"href":"https:\/\/mediocudeyo.es\/web\/wp-json\/wp\/v2\/categories?post=3659"},{"taxonomy":"post_tag","embeddable":true,"href":"https:\/\/mediocudeyo.es\/web\/wp-json\/wp\/v2\/tags?post=3659"}],"curies":[{"name":"wp","href":"https:\/\/api.w.org\/{rel}","templated":true}]}}