{"id":3690,"date":"2018-05-02T07:49:06","date_gmt":"2018-05-02T06:49:06","guid":{"rendered":"http:\/\/mediocudeyo.es\/web\/?p=3690"},"modified":"2018-05-02T07:49:06","modified_gmt":"2018-05-02T06:49:06","slug":"filmoteca-entre-los-dos","status":"publish","type":"post","link":"https:\/\/mediocudeyo.es\/web\/filmoteca-entre-los-dos\/","title":{"rendered":"FILMOTECA: ENTRE LOS DOS"},"content":{"rendered":"<p><img fetchpriority=\"high\" decoding=\"async\" class=\"alignnone size-full wp-image-3691\" src=\"http:\/\/mediocudeyo.es\/web\/wp-content\/uploads\/2018\/05\/you_re_ugly_too-993886670-large.jpg\" alt=\"\" width=\"625\" height=\"926\" \/><\/p>\n<p>Lunes 7 de mayo, 20:00 h.<\/p>\n<p>Centro Cultural Ram\u00f3n Pelayo (Solares)<\/p>\n<p>Precio \u00fanico: 2,50\u20ac<\/p>\n<p>V. O. subtitulada<!--more--><\/p>\n<p>T\u00edtulo original: You&#8217;re Ugly Too<\/p>\n<p>A\u00f1o: 2015<\/p>\n<p>Duraci\u00f3n: 82 min.<\/p>\n<p>Pa\u00eds: <span id=\"country-img\"><img decoding=\"async\" title=\"Irlanda\" src=\"https:\/\/www.filmaffinity.com\/imgs\/countries\/IE.jpg\" alt=\"Irlanda\" \/><\/span>\u00a0Irlanda<\/p>\n<div class=\"product-details-content  margin-bottom-5\"><label class=\"mcu-text-details-text-b\">Calificaci\u00f3n:<\/label> <label class=\"custom-simple-label\">NO RECOMENDADA PARA MENORES DE SIETE A\u00d1OS <\/label><\/div>\n<p>Direcci\u00f3n:\u00a0<span class=\"director\"> Mark Noonan<\/span><\/p>\n<p>Guion: <span class=\"nb\">Mark Noonan<\/span><\/p>\n<p>M\u00fasica: <span class=\"nb\">David Geraghty<\/span><\/p>\n<p>Fotograf\u00eda: <span class=\"nb\">Tom Comerford<\/span><\/p>\n<p>Reparto:<span class=\"cast\"> Aidan Gillen, <\/span> <span class=\"cast\"> Lauren Kinsella, <\/span> <span class=\"cast\"> Erika Sainte, <\/span> <span class=\"cast\"> George Pistereanu, <\/span> <span class=\"cast\"> Jesse Morris<\/span><\/p>\n<p>Productora: <span class=\"nb\">SP Films \/ Irish Film Board<\/span><\/p>\n<p>G\u00e9nero: Drama | Familia<\/p>\n<p>Sinopsis: Will recibe la libertad condicional por la muerte de un familiar para cuidar a su sobrina Stacey, hu\u00e9rfana por la muerte de su madre. Mientras se dirigen hacia el centro de Irlanda e intentan ser una familia, se encuentran con una serie de obst\u00e1culos. Stacey es rechazada en la escuela local debido a que sufre narcolepsia, una condici\u00f3n que desarroll\u00f3 hace poco. Will desobedece varias veces las obligaciones de la libertad condicional en sus intentos desastrosos de ser una figura paterna responsable. Con ello, ambos corren un gran riesgo; que a Will le retiren la oportunidad de salir definitivamente de la c\u00e1rcel y que Stacey tenga que ir a una casa de acogida.<\/p>\n<p>&nbsp;<\/p>\n","protected":false},"excerpt":{"rendered":"<p>Lunes 7 de mayo, 20:00 h. Centro Cultural Ram\u00f3n Pelayo (Solares) Precio \u00fanico: 2,50\u20ac V. O. subtitulada<\/p>\n","protected":false},"author":4,"featured_media":0,"comment_status":"closed","ping_status":"closed","sticky":false,"template":"","format":"standard","meta":{"footnotes":""},"categories":[59],"tags":[58,116,117],"class_list":["post-3690","post","type-post","status-publish","format-standard","hentry","category-cultura","tag-centro-cultural-ramon-pelayo","tag-cine","tag-filmoteca"],"_links":{"self":[{"href":"https:\/\/mediocudeyo.es\/web\/wp-json\/wp\/v2\/posts\/3690"}],"collection":[{"href":"https:\/\/mediocudeyo.es\/web\/wp-json\/wp\/v2\/posts"}],"about":[{"href":"https:\/\/mediocudeyo.es\/web\/wp-json\/wp\/v2\/types\/post"}],"author":[{"embeddable":true,"href":"https:\/\/mediocudeyo.es\/web\/wp-json\/wp\/v2\/users\/4"}],"replies":[{"embeddable":true,"href":"https:\/\/mediocudeyo.es\/web\/wp-json\/wp\/v2\/comments?post=3690"}],"version-history":[{"count":0,"href":"https:\/\/mediocudeyo.es\/web\/wp-json\/wp\/v2\/posts\/3690\/revisions"}],"wp:attachment":[{"href":"https:\/\/mediocudeyo.es\/web\/wp-json\/wp\/v2\/media?parent=3690"}],"wp:term":[{"taxonomy":"category","embeddable":true,"href":"https:\/\/mediocudeyo.es\/web\/wp-json\/wp\/v2\/categories?post=3690"},{"taxonomy":"post_tag","embeddable":true,"href":"https:\/\/mediocudeyo.es\/web\/wp-json\/wp\/v2\/tags?post=3690"}],"curies":[{"name":"wp","href":"https:\/\/api.w.org\/{rel}","templated":true}]}}