{"id":3696,"date":"2018-05-03T12:13:41","date_gmt":"2018-05-03T11:13:41","guid":{"rendered":"http:\/\/mediocudeyo.es\/web\/?p=3696"},"modified":"2018-05-03T12:13:41","modified_gmt":"2018-05-03T11:13:41","slug":"inspeccion-tecnica-de-vehiculos-agricolas-y-ciclomotores-de-dos-ruedas-2","status":"publish","type":"post","link":"https:\/\/mediocudeyo.es\/web\/inspeccion-tecnica-de-vehiculos-agricolas-y-ciclomotores-de-dos-ruedas-2\/","title":{"rendered":"Inspecci\u00f3n T\u00e9cnica de Veh\u00edculos Agricolas y ciclomotores de dos ruedas"},"content":{"rendered":"<p><a href=\"http:\/\/mediocudeyo.es\/web\/wp-content\/uploads\/2017\/04\/tractor.jpg\" data-rel=\"lightbox-image-0\" data-rl_title=\"\" data-rl_caption=\"\" title=\"\"><img fetchpriority=\"high\" decoding=\"async\" class=\"alignnone size-medium wp-image-1779\" src=\"http:\/\/mediocudeyo.es\/web\/wp-content\/uploads\/2017\/04\/tractor-300x225.jpg\" alt=\"tractor\" width=\"300\" height=\"225\" \/><\/a><\/p>\n<p>El Grupo ITELVELESA, entidad concesionaria de la Comunidad de Cantabria para la Inspecci\u00f3n T\u00e9cnica de Veh\u00edculos, pone a su dispoci\u00f3n la Unidad M\u00f3vil Agr\u00edcola y de ciclomotores, con el fin de dar cumplimiento a los Reales Decretos 2042\/1994 y 711\/2006, que regulan la ITV y establecen la obligatoriedad de la inspecci\u00f3n par <strong>Tractores<\/strong>, <strong>Remolques<\/strong>, otros <strong>veh\u00edculos agr\u00edcolas especiales<\/strong> y <strong>ciclomotores<\/strong> de dos ruedas.<\/p>\n<p>Dicha Unidad M\u00f3vil se desplazar\u00e1, como en a\u00f1os anteriores, a la <strong>EXPLANADA DETR\u00c1S DE LA PISCINA MUNICIPAL CUBIERTA (DETRAS DEL CAMPO DE F\u00daTBOL)<\/strong>, el pr\u00f3ximo <strong>4 de mayo<\/strong> en horario de <strong>9:30h<\/strong> a <strong>14:00h<\/strong>.<\/p>\n","protected":false},"excerpt":{"rendered":"<p>El Grupo ITELVELESA, entidad concesionaria de la Comunidad de Cantabria para la Inspecci\u00f3n T\u00e9cnica de Veh\u00edculos, pone a su dispoci\u00f3n la Unidad M\u00f3vil Agr\u00edcola y de ciclomotores, con el fin [&hellip;]<\/p>\n","protected":false},"author":2,"featured_media":0,"comment_status":"closed","ping_status":"closed","sticky":false,"template":"","format":"standard","meta":{"footnotes":""},"categories":[111],"tags":[152],"class_list":["post-3696","post","type-post","status-publish","format-standard","hentry","category-ciudadano","tag-itv"],"_links":{"self":[{"href":"https:\/\/mediocudeyo.es\/web\/wp-json\/wp\/v2\/posts\/3696"}],"collection":[{"href":"https:\/\/mediocudeyo.es\/web\/wp-json\/wp\/v2\/posts"}],"about":[{"href":"https:\/\/mediocudeyo.es\/web\/wp-json\/wp\/v2\/types\/post"}],"author":[{"embeddable":true,"href":"https:\/\/mediocudeyo.es\/web\/wp-json\/wp\/v2\/users\/2"}],"replies":[{"embeddable":true,"href":"https:\/\/mediocudeyo.es\/web\/wp-json\/wp\/v2\/comments?post=3696"}],"version-history":[{"count":0,"href":"https:\/\/mediocudeyo.es\/web\/wp-json\/wp\/v2\/posts\/3696\/revisions"}],"wp:attachment":[{"href":"https:\/\/mediocudeyo.es\/web\/wp-json\/wp\/v2\/media?parent=3696"}],"wp:term":[{"taxonomy":"category","embeddable":true,"href":"https:\/\/mediocudeyo.es\/web\/wp-json\/wp\/v2\/categories?post=3696"},{"taxonomy":"post_tag","embeddable":true,"href":"https:\/\/mediocudeyo.es\/web\/wp-json\/wp\/v2\/tags?post=3696"}],"curies":[{"name":"wp","href":"https:\/\/api.w.org\/{rel}","templated":true}]}}