{"id":3708,"date":"2018-05-07T19:26:55","date_gmt":"2018-05-07T18:26:55","guid":{"rendered":"http:\/\/mediocudeyo.es\/web\/?p=3708"},"modified":"2018-05-07T19:26:55","modified_gmt":"2018-05-07T18:26:55","slug":"filmoteca-aurora","status":"publish","type":"post","link":"https:\/\/mediocudeyo.es\/web\/filmoteca-aurora\/","title":{"rendered":"FILMOTECA: AURORA"},"content":{"rendered":"<p><img fetchpriority=\"high\" decoding=\"async\" class=\"alignnone size-large wp-image-3709\" src=\"http:\/\/mediocudeyo.es\/web\/wp-content\/uploads\/2018\/05\/jamais_contente-787116450-large-771x1024.jpg\" alt=\"\" width=\"474\" height=\"630\" \/><\/p>\n<p>Lunes 14 de mayo, 20:00 h.<\/p>\n<p>Centro Cultural Ram\u00f3n Pelayo (Solares)<\/p>\n<p>Precio \u00fanico: 2,50\u20ac<\/p>\n<p>V. O. subtitulada<!--more--><\/p>\n<p>T\u00edtulo original: Jamais contente<\/p>\n<p>A\u00f1o: 2016<\/p>\n<p>Duraci\u00f3n: 90 min.<\/p>\n<p>Pa\u00eds: <span id=\"country-img\"><img decoding=\"async\" title=\"Francia\" src=\"https:\/\/www.filmaffinity.com\/imgs\/countries\/FR.jpg\" alt=\"Francia\" \/><\/span>\u00a0Francia<\/p>\n<p><label class=\"mcu-text-details-text-b\">Calificaci\u00f3n:<\/label> <label class=\"custom-simple-label\">NO RECOMENDADA PARA MENORES DE DOCE A\u00d1OS <\/label><\/p>\n<p>Direcci\u00f3n:<span class=\"director\"> Emilie Deleuze <\/span><\/p>\n<p>Guion: <span class=\"nb\">Emilie Deleuze,<\/span> <span class=\"nb\">Marie Desplechin,<\/span> <span class=\"nb\">Laurent Guyot (Novela: Marie Desplechin)<\/span><\/p>\n<p>M\u00fasica: <span class=\"nb\">Olivier Mellano<\/span><\/p>\n<p>Fotograf\u00eda: <span class=\"nb\">Jeanne Lapoirie<\/span><\/p>\n<p>Reparto:\u00a0<span class=\"cast\"> Pauline Acquart, <\/span> <span class=\"cast\"> Philippe Duquesne, <\/span> <span class=\"cast\"> Alex Lutz, <\/span> <span class=\"cast\"> Patricia Mazuy, <\/span> <span class=\"cast\"> L\u00e9na Magnien, <\/span> <span class=\"cast\"> Tessa Blandin, <\/span> <span class=\"cast\"> Raphaelle Doyle<\/span><\/p>\n<p>Productora: <span class=\"nb\">Agat Films \/ Ad Vitam Production<\/span><\/p>\n<p>G\u00e9nero: Comedia | Comedia dram\u00e1tica. Adolescencia<\/p>\n<p>Sinopsis: Quiz\u00e1s Aurore no saque las mejores notas, pero definitivamente no es tonta. Tiene una forma peculiar de observar y comentar su entorno; su familia, los chicos, su profesor de franc\u00e9s y ella misma tambi\u00e9n. Desafiante, Aurora explora l\u00edmites y descubre en el proceso la m\u00fasica como medio de evasi\u00f3n. Basada en la trilog\u00eda de novelas adolescentes \u00abLe journal d&#8217;Aurore\u00bb.<\/p>\n<p>&nbsp;<\/p>\n","protected":false},"excerpt":{"rendered":"<p>Lunes 14 de mayo, 20:00 h. Centro Cultural Ram\u00f3n Pelayo (Solares) Precio \u00fanico: 2,50\u20ac V. O. subtitulada<\/p>\n","protected":false},"author":4,"featured_media":0,"comment_status":"closed","ping_status":"closed","sticky":false,"template":"","format":"standard","meta":{"footnotes":""},"categories":[59],"tags":[58,116,117],"class_list":["post-3708","post","type-post","status-publish","format-standard","hentry","category-cultura","tag-centro-cultural-ramon-pelayo","tag-cine","tag-filmoteca"],"_links":{"self":[{"href":"https:\/\/mediocudeyo.es\/web\/wp-json\/wp\/v2\/posts\/3708"}],"collection":[{"href":"https:\/\/mediocudeyo.es\/web\/wp-json\/wp\/v2\/posts"}],"about":[{"href":"https:\/\/mediocudeyo.es\/web\/wp-json\/wp\/v2\/types\/post"}],"author":[{"embeddable":true,"href":"https:\/\/mediocudeyo.es\/web\/wp-json\/wp\/v2\/users\/4"}],"replies":[{"embeddable":true,"href":"https:\/\/mediocudeyo.es\/web\/wp-json\/wp\/v2\/comments?post=3708"}],"version-history":[{"count":0,"href":"https:\/\/mediocudeyo.es\/web\/wp-json\/wp\/v2\/posts\/3708\/revisions"}],"wp:attachment":[{"href":"https:\/\/mediocudeyo.es\/web\/wp-json\/wp\/v2\/media?parent=3708"}],"wp:term":[{"taxonomy":"category","embeddable":true,"href":"https:\/\/mediocudeyo.es\/web\/wp-json\/wp\/v2\/categories?post=3708"},{"taxonomy":"post_tag","embeddable":true,"href":"https:\/\/mediocudeyo.es\/web\/wp-json\/wp\/v2\/tags?post=3708"}],"curies":[{"name":"wp","href":"https:\/\/api.w.org\/{rel}","templated":true}]}}