{"id":3780,"date":"2018-05-16T12:57:41","date_gmt":"2018-05-16T11:57:41","guid":{"rendered":"http:\/\/mediocudeyo.es\/web\/?p=3780"},"modified":"2018-05-16T12:57:41","modified_gmt":"2018-05-16T11:57:41","slug":"termalismo-balneario-de-lierganes","status":"publish","type":"post","link":"https:\/\/mediocudeyo.es\/web\/termalismo-balneario-de-lierganes\/","title":{"rendered":"Termalismo Balneario de Lierganes"},"content":{"rendered":"<p><a href=\"http:\/\/mediocudeyo.es\/web\/wp-content\/uploads\/2018\/05\/balneario_lierganes.jpg\" data-rel=\"lightbox-image-0\" data-rl_title=\"\" data-rl_caption=\"\" title=\"\"><img fetchpriority=\"high\" decoding=\"async\" class=\"alignnone size-large wp-image-3786\" src=\"http:\/\/mediocudeyo.es\/web\/wp-content\/uploads\/2018\/05\/balneario_lierganes-1024x683.jpg\" alt=\"\" width=\"474\" height=\"316\" \/><\/a><\/p>\n<p><strong><span style=\"color: #0000ff\">TERMALISMO MUNICIPAL &#8211; SERVICIOS SOCIALES<\/span><\/strong><\/p>\n<p><span style=\"color: #ff6600\"><strong>BALNEARIO DE LIERGANES<\/strong><\/span><\/p>\n<p>Fechas: <strong>del 4 al 14 de Junio de 2018<\/strong><\/p>\n<p>(excepto el domingo 10 de junio)<\/p>\n<p>Destinatarios: Vecinos empadronados en el Ayuntamiento de MEDIO CUDEYO, <strong><u>que precisen tratamiento respiratorio o reumatol\u00f3gico por prescripci\u00f3n m\u00e9dica<\/u>.<\/strong><\/p>\n<ul>\n<li>La Trabajadora Social proporcionar\u00e1 un documento para que rellene el m\u00e9dico de cabecera. (Traer DNI).<\/li>\n<\/ul>\n<p><strong><u>Inscripciones hasta el 25 DE MAYO<\/u><\/strong><\/p>\n<p>SERVICIOS SOCIALES (CASA CORPAS)<\/p>\n<p><u>Horario<\/u>:<\/p>\n<p>Lunes, martes y mi\u00e9rcoles de 10:00 a 12:00<\/p>\n<p>Jueves de 9:00 a 14:00 h.<\/p>\n<p><strong><u>PRECIO TRATAMIENTO RESPIRATORIO<\/u><\/strong>:<\/p>\n<p><strong>115 \u20ac\u00a0 (10 sesiones)<\/strong><\/p>\n<p><strong><u>PRECIO TRATAMIENTO REUMATOL\u00d3GICO:<\/u><\/strong><\/p>\n<p><strong><u>135 \u20ac ( 10 sesiones)<\/u><\/strong><\/p>\n<p><strong><u>PRECIO TRATAMIENTO NI\u00d1OS (3 A 16 A\u00d1OS):<\/u><\/strong><\/p>\n<p><strong><u>123,60 \u20ac (10 SESIONES)<\/u><\/strong><\/p>\n","protected":false},"excerpt":{"rendered":"<p>TERMALISMO MUNICIPAL &#8211; SERVICIOS SOCIALES BALNEARIO DE LIERGANES Fechas: del 4 al 14 de Junio de 2018 (excepto el domingo 10 de junio) Destinatarios: Vecinos empadronados en el Ayuntamiento de [&hellip;]<\/p>\n","protected":false},"author":11,"featured_media":0,"comment_status":"closed","ping_status":"closed","sticky":false,"template":"","format":"standard","meta":{"footnotes":""},"categories":[111,55],"tags":[216,217,218],"class_list":["post-3780","post","type-post","status-publish","format-standard","hentry","category-ciudadano","category-servicios-sociales","tag-balneario","tag-lierganes","tag-termelismo"],"_links":{"self":[{"href":"https:\/\/mediocudeyo.es\/web\/wp-json\/wp\/v2\/posts\/3780"}],"collection":[{"href":"https:\/\/mediocudeyo.es\/web\/wp-json\/wp\/v2\/posts"}],"about":[{"href":"https:\/\/mediocudeyo.es\/web\/wp-json\/wp\/v2\/types\/post"}],"author":[{"embeddable":true,"href":"https:\/\/mediocudeyo.es\/web\/wp-json\/wp\/v2\/users\/11"}],"replies":[{"embeddable":true,"href":"https:\/\/mediocudeyo.es\/web\/wp-json\/wp\/v2\/comments?post=3780"}],"version-history":[{"count":0,"href":"https:\/\/mediocudeyo.es\/web\/wp-json\/wp\/v2\/posts\/3780\/revisions"}],"wp:attachment":[{"href":"https:\/\/mediocudeyo.es\/web\/wp-json\/wp\/v2\/media?parent=3780"}],"wp:term":[{"taxonomy":"category","embeddable":true,"href":"https:\/\/mediocudeyo.es\/web\/wp-json\/wp\/v2\/categories?post=3780"},{"taxonomy":"post_tag","embeddable":true,"href":"https:\/\/mediocudeyo.es\/web\/wp-json\/wp\/v2\/tags?post=3780"}],"curies":[{"name":"wp","href":"https:\/\/api.w.org\/{rel}","templated":true}]}}