{"id":382,"date":"2016-09-19T11:44:46","date_gmt":"2016-09-19T11:44:46","guid":{"rendered":"http:\/\/mediocudeyo.es\/web\/?p=382"},"modified":"2023-04-24T14:23:09","modified_gmt":"2023-04-24T14:23:09","slug":"nuevos-ejempleres-en-la-biblioteca","status":"publish","type":"post","link":"https:\/\/mediocudeyo.es\/web\/nuevos-ejempleres-en-la-biblioteca\/","title":{"rendered":"Nuevos ejempleres en la Biblioteca"},"content":{"rendered":"<figure id=\"attachment_385\" aria-describedby=\"caption-attachment-385\" style=\"width: 640px\" class=\"wp-caption alignnone\"><img fetchpriority=\"high\" decoding=\"async\" class=\"size-full wp-image-385\" src=\"http:\/\/mediocudeyo.es\/web\/wp-content\/uploads\/2016\/09\/Novedades-Biblioteca.jpg\" alt=\"Nuevos ejemplares con los que cuenta la biblioteca municipal desde el mes de septiembre\" width=\"640\" height=\"307\" \/><figcaption id=\"caption-attachment-385\" class=\"wp-caption-text\">Nuevos ejemplares con los que cuenta la biblioteca municipal desde el mes de septiembre<\/figcaption><\/figure>\n<p>Desde el mes de septiembre la biblioteca muncipal, ubicada en el Centro Cultural Ram\u00f3n Pelayo de Solares, cuenta con nuevos ejemplares y que ya est\u00e1n disponibles para pr\u00e9stamo:<\/p>\n<p><!--more--><\/p>\n<p>\u201c<strong>La v\u00edspera de casi todo<\/strong>\u201d, V\u00edctor del \u00c1rbol.<\/p>\n<p>Germinal Ibarra es un polic\u00eda desencantado al que persiguen los rumores y su propia conciencia. Hace tres a\u00f1os que decidi\u00f3 arrastrar su melancol\u00eda hasta una comisar\u00eda de La Coru\u00f1a, donde pidi\u00f3 el traslado despu\u00e9s de que la resoluci\u00f3n del sonado caso del asesinato de la peque\u00f1a Amanda lo convirtiera en el h\u00e9roe que \u00e9l nunca quiso ni sinti\u00f3 ser. Pero el refugio y anonimato que Germinal cre\u00eda haber conseguido queda truncado cuando una noche lo reclama una mujer ingresada en el hospital con contusiones que muestran una gran violencia. Una misteriosa mujer llamada Paola que intenta huir de sus propios fantasmas ha aparecido hace tres meses en el lugar m\u00e1s rec\u00f3ndito de la costa gallega. All\u00ed se instala como hu\u00e9sped en casa de Dolores, de alma sensible y torturada, que acaba acogi\u00e9ndola sin demasiadas preguntas y la introduce en el c\u00edrculo que alivia su soledad. El cruce de estas dos historias en el tiempo se convierte en un mar con dos barcos en rumbo de colisi\u00f3n que ir\u00e1n avanzando sin escapatoria posible.<\/p>\n<p><strong>\u201cLa conspiraci\u00f3n de Yuste\u201d<\/strong>, de V\u00edctor Fern\u00e1ndez Correas.<\/p>\n<p>Una apasionante novela que se publica 450 a\u00f1os despu\u00e9s de la muerte de Carlos V en el monasterio de Yuste (21 de septiembre de 1558).A\u00f1o 1558. El capit\u00e1n flamenco Bertrand de Brugge es el oficial al mando de la seguridad de Carlos Ven su retiro de Yuste. El gobernante m\u00e1s poderoso del mundo, agobiado por sus achaques y cansado de guerrear, ha renunciado a todos sus poderes y vive sus \u00faltimos d\u00edas en el monasterio jer\u00f3nimo. Sin embargo, la paz imperial pronto se ver\u00e1 alterada. Dos luteranos de Valladolid \u2014porque hasta en Castilla, el coraz\u00f3n del Imperio, ha prendido el cisma protestante\u2014 intentar\u00e1n por todos los medios acabar con la vida de Carlos V.<\/p>\n<p><strong>\u201cLa viuda\u201d<\/strong>, de Fiona Barton.<\/p>\n<p>Si \u00e9l hubiera hecho algo horrible, ella lo sabr\u00eda. \u00bfO no? Todos sabemos qui\u00e9n es \u00e9l: el hombre que vimos en la portada de todos los peri\u00f3dicos acusado de un crimen terrible. Pero, \u00bfqu\u00e9 sabemos realmente de ella, de quien le sujeta el brazo en la escalera del juzgado, de la esposa que est\u00e1 a su lado?<\/p>\n<p><strong>\u201cEl peor viaje del mundo\u201d<\/strong>, de Apsley Cherry-Garrard.<\/p>\n<p>La exploraci\u00f3n polar es la forma m\u00e1s cruel y solitaria de pasarlo mal. El explorador brit\u00e1nico Apsley Cherry-Garrard nos lo cuenta a trav\u00e9s de sus vivencias en la expedici\u00f3n del capit\u00e1n Scott al Polo Sur (1910-1913), en la que \u00e9ste y tres de sus hombres hallaron la muerte. A partir de las anotaciones que dej\u00f3 Scott y, sobre todo, de su propia experiencia, Apsley reconstruye en este libro aquellos tres a\u00f1os de penalidades y hero\u00edsmo.<\/p>\n<p><strong>\u201cLa tierra que pisamos\u201d<\/strong>, de Jes\u00fas Carrasco.<\/p>\n<p>A comienzos del siglo xx Espa\u00f1a ha sido anexionada al mayor imperio que Europa ha conocido. Tras la pacificaci\u00f3n, las \u00e9lites militares eligen un peque\u00f1o pueblo de Extremadura como gratificaci\u00f3n para los mandos a cargo de la ocupaci\u00f3n. Eva Holman, esposa de uno de ellos, vive su id\u00edlico retiro en la paz de su conciencia hasta que recibe la visita inesperada de un hombre que empezar\u00e1 ocupando su propiedad y acabar\u00e1 por invadir su vida entera.<\/p>\n<p><strong>\u201cLas brujas y su mundo\u201d<\/strong>, de Julio Caro Baroja.<\/p>\n<p>Este estudio cl\u00e1sico de Julio Caro Baroja acerca de Las brujas y su mundo cubre un amplio \u00e1mbito hist\u00f3rico y cultural: las caracter\u00edsticas de la magia negra en el mundo grecolatino, la hechicer\u00eda femenina entre los pueblos germ\u00e1nicos y eslavos, la adoraci\u00f3n del demonio en la Europa medieval, la extensi\u00f3n de la pr\u00e1ctica del sabbat a partir del siglo XIV, la brujer\u00eda vasca en el vasca en el siglo XVI y los grandes procesos inquisitoriales de comienzos del siglo XVII (como el de las brujas de Zugarramurdi), la cr\u00edtica de la Ilustraci\u00f3n a la concepci\u00f3n m\u00e1gica del mundo, la persistencia en el siglo XX de ese g\u00e9nero de creencias dentro de sectores rurales colindantes con centros urbanos e industriales altamente desarrollados, etc.<\/p>\n<p><strong>\u201cLa conquista de M\u00e9xico\u201d<\/strong>, de Hugh Thomas.<\/p>\n<p>El prestigioso historiador Hugh Thomas describe con minuciosidad la riqueza de la civilizaci\u00f3n azteca, el poder\u00edo de Moctezuma y la audacia de Cort\u00e9s, en una emocionante narraci\u00f3n que transmite desde la primera p\u00e1gina la fascinaci\u00f3n del autor por este memorable episodio.<\/p>\n<p><strong>\u201cLos asesinos del emperador\u201d<\/strong>, de Santiago Posteguillo.<\/p>\n<p>En la tempestuosa Roma del siglo I d.C. los atemorizados ciudadanos intentan sobrevivir al reinado de Domiciano, un emperador dispuesto siempre a condenar a muerte a cualquiera que pudiera hacerle sombra. En este ambiente turbulento se fragua una conspiraci\u00f3n para asesinarlo. La conjura es complicada de trazar y muy peligrosa para todos los implicados, entre los que se encuentran Trajano y Domicia, la emperatriz, pieza clave en esta conspiraci\u00f3n. Las mayores dificultades estriban en burlar la guardia pretoriana. Pero un grupo de gladiadores sin nada que perder, ser\u00e1n los encargados de encontrar la fisura.<\/p>\n","protected":false},"excerpt":{"rendered":"<p>Desde el mes de septiembre la biblioteca muncipal, ubicada en el Centro Cultural Ram\u00f3n Pelayo de Solares, cuenta con nuevos ejemplares y que ya est\u00e1n disponibles para pr\u00e9stamo:<\/p>\n","protected":false},"author":4,"featured_media":0,"comment_status":"closed","ping_status":"closed","sticky":false,"template":"","format":"standard","meta":{"footnotes":""},"categories":[59],"tags":[84,85,86],"class_list":["post-382","post","type-post","status-publish","format-standard","hentry","category-cultura","tag-biblioteca","tag-libros","tag-prestamo"],"_links":{"self":[{"href":"https:\/\/mediocudeyo.es\/web\/wp-json\/wp\/v2\/posts\/382"}],"collection":[{"href":"https:\/\/mediocudeyo.es\/web\/wp-json\/wp\/v2\/posts"}],"about":[{"href":"https:\/\/mediocudeyo.es\/web\/wp-json\/wp\/v2\/types\/post"}],"author":[{"embeddable":true,"href":"https:\/\/mediocudeyo.es\/web\/wp-json\/wp\/v2\/users\/4"}],"replies":[{"embeddable":true,"href":"https:\/\/mediocudeyo.es\/web\/wp-json\/wp\/v2\/comments?post=382"}],"version-history":[{"count":1,"href":"https:\/\/mediocudeyo.es\/web\/wp-json\/wp\/v2\/posts\/382\/revisions"}],"predecessor-version":[{"id":20016,"href":"https:\/\/mediocudeyo.es\/web\/wp-json\/wp\/v2\/posts\/382\/revisions\/20016"}],"wp:attachment":[{"href":"https:\/\/mediocudeyo.es\/web\/wp-json\/wp\/v2\/media?parent=382"}],"wp:term":[{"taxonomy":"category","embeddable":true,"href":"https:\/\/mediocudeyo.es\/web\/wp-json\/wp\/v2\/categories?post=382"},{"taxonomy":"post_tag","embeddable":true,"href":"https:\/\/mediocudeyo.es\/web\/wp-json\/wp\/v2\/tags?post=382"}],"curies":[{"name":"wp","href":"https:\/\/api.w.org\/{rel}","templated":true}]}}