{"id":3835,"date":"2018-05-21T19:36:26","date_gmt":"2018-05-21T18:36:26","guid":{"rendered":"http:\/\/mediocudeyo.es\/web\/?p=3835"},"modified":"2018-05-21T19:36:26","modified_gmt":"2018-05-21T18:36:26","slug":"filmoteca-cantabrico","status":"publish","type":"post","link":"https:\/\/mediocudeyo.es\/web\/filmoteca-cantabrico\/","title":{"rendered":"FILMOTECA: CANT\u00c1BRICO"},"content":{"rendered":"<p><img fetchpriority=\"high\" decoding=\"async\" class=\"alignnone size-full wp-image-3836\" src=\"http:\/\/mediocudeyo.es\/web\/wp-content\/uploads\/2018\/05\/cantabrico_los_dominios_del_oso_pardo-810091410-large.jpg\" alt=\"\" width=\"455\" height=\"650\" \/><\/p>\n<p>Lunes\u00a0 28 de mayo, 20.00 h.<\/p>\n<p>Centro Cultural Ram\u00f3n Pelayo (Solares)<\/p>\n<p>Precio \u00fanico: 2,50\u20ac<!--more--><\/p>\n<p>T\u00edtulo original: Cant\u00e1brico (Los dominios del oso pardo)<\/p>\n<p>A\u00f1o: 2017<\/p>\n<p>Duraci\u00f3n: 101 min.<\/p>\n<p>Pa\u00eds: <span id=\"country-img\"><img decoding=\"async\" title=\"Espa\u00f1a\" src=\"https:\/\/www.filmaffinity.com\/imgs\/countries\/ES.jpg\" alt=\"Espa\u00f1a\" \/><\/span>\u00a0Espa\u00f1a<\/p>\n<p>Direcci\u00f3n:\u00a0<span class=\"director\"> Joaqu\u00edn Guti\u00e9rrez Acha <\/span><\/p>\n<p>Guion: <span class=\"nb\">Joaqu\u00edn Guti\u00e9rrez Acha<\/span><\/p>\n<p>M\u00fasica: <span class=\"nb\">Pablo Mart\u00edn Caminero<\/span><\/p>\n<p>Fotograf\u00eda: <span class=\"nb\">Joaqu\u00edn Guti\u00e9rrez Acha<\/span><\/p>\n<p>Reparto:<span class=\"cast\"> Documentary <\/span><\/p>\n<p>Productora: <span class=\"nb\">Wanda Films \/ Bitis<\/span><\/p>\n<p>G\u00e9nero: Documental | Naturaleza. Animales. Osos<\/p>\n<p>Sinopsis: En el norte de la Pen\u00ednsula Ib\u00e9rica se levanta una gran cordillera de m\u00e1s de 400 Km. como si se tratara de una gran muralla paralela a la costa del Mar Cant\u00e1brico. En su otra cara, la cordillera Cant\u00e1brica est\u00e1 repleta de ca\u00f1ones y bosques. Gracias a la influencia del mar y las elevadas precipitaciones, se ha originado una amplia vegetaci\u00f3n en los bosques, y es el lugar perfecto para esconder un gran n\u00famero de animales y otras formas de vida que conviven desde tiempos remotos. Pero sobre todo, es el territorio de una de las criaturas m\u00e1s impresionantes del hemisferio norte: el oso pardo cant\u00e1brico. Es el reino de los bosques, de los caballos salvajes, la tierra donde los lobos ib\u00e9ricos se esconden tras la niebla, y el lugar donde la fantas\u00eda y la realidad caminan juntas.<\/p>\n<p>&nbsp;<\/p>\n","protected":false},"excerpt":{"rendered":"<p>Lunes\u00a0 28 de mayo, 20.00 h. Centro Cultural Ram\u00f3n Pelayo (Solares) Precio \u00fanico: 2,50\u20ac<\/p>\n","protected":false},"author":4,"featured_media":0,"comment_status":"closed","ping_status":"closed","sticky":false,"template":"","format":"standard","meta":{"footnotes":""},"categories":[59],"tags":[58,116,117],"class_list":["post-3835","post","type-post","status-publish","format-standard","hentry","category-cultura","tag-centro-cultural-ramon-pelayo","tag-cine","tag-filmoteca"],"_links":{"self":[{"href":"https:\/\/mediocudeyo.es\/web\/wp-json\/wp\/v2\/posts\/3835"}],"collection":[{"href":"https:\/\/mediocudeyo.es\/web\/wp-json\/wp\/v2\/posts"}],"about":[{"href":"https:\/\/mediocudeyo.es\/web\/wp-json\/wp\/v2\/types\/post"}],"author":[{"embeddable":true,"href":"https:\/\/mediocudeyo.es\/web\/wp-json\/wp\/v2\/users\/4"}],"replies":[{"embeddable":true,"href":"https:\/\/mediocudeyo.es\/web\/wp-json\/wp\/v2\/comments?post=3835"}],"version-history":[{"count":0,"href":"https:\/\/mediocudeyo.es\/web\/wp-json\/wp\/v2\/posts\/3835\/revisions"}],"wp:attachment":[{"href":"https:\/\/mediocudeyo.es\/web\/wp-json\/wp\/v2\/media?parent=3835"}],"wp:term":[{"taxonomy":"category","embeddable":true,"href":"https:\/\/mediocudeyo.es\/web\/wp-json\/wp\/v2\/categories?post=3835"},{"taxonomy":"post_tag","embeddable":true,"href":"https:\/\/mediocudeyo.es\/web\/wp-json\/wp\/v2\/tags?post=3835"}],"curies":[{"name":"wp","href":"https:\/\/api.w.org\/{rel}","templated":true}]}}