{"id":3928,"date":"2018-05-29T12:06:27","date_gmt":"2018-05-29T11:06:27","guid":{"rendered":"http:\/\/mediocudeyo.es\/web\/?p=3928"},"modified":"2018-05-29T12:06:27","modified_gmt":"2018-05-29T11:06:27","slug":"ii-festival-solidario","status":"publish","type":"post","link":"https:\/\/mediocudeyo.es\/web\/ii-festival-solidario\/","title":{"rendered":"II FESTIVAL SOLIDARIO"},"content":{"rendered":"<p><img fetchpriority=\"high\" decoding=\"async\" class=\"alignnone size-large wp-image-3929\" src=\"http:\/\/mediocudeyo.es\/web\/wp-content\/uploads\/2018\/05\/II-Festival-Ben\u00e9ficoCC.Biling\u00fce-Apostolado-del-Sagrado-coraz\u00f3n-de-jes\u00fas-001-724x1024.jpg\" alt=\"\" width=\"474\" height=\"670\" \/><\/p>\n<h1><span style=\"color: #ff0000;\">Entradas agotadas<\/span><\/h1>\n<p>Entradas disponibles en el Centro Cultural Ram\u00f3n Pelayo, tel. 942522685<\/p>\n<p>Donativo: 5\u20ac<\/p>\n","protected":false},"excerpt":{"rendered":"<p>Entradas agotadas Entradas disponibles en el Centro Cultural Ram\u00f3n Pelayo, tel. 942522685 Donativo: 5\u20ac<\/p>\n","protected":false},"author":4,"featured_media":0,"comment_status":"closed","ping_status":"closed","sticky":false,"template":"","format":"standard","meta":{"footnotes":""},"categories":[59],"tags":[58,223,130],"class_list":["post-3928","post","type-post","status-publish","format-standard","hentry","category-cultura","tag-centro-cultural-ramon-pelayo","tag-festival","tag-solidaridad"],"_links":{"self":[{"href":"https:\/\/mediocudeyo.es\/web\/wp-json\/wp\/v2\/posts\/3928"}],"collection":[{"href":"https:\/\/mediocudeyo.es\/web\/wp-json\/wp\/v2\/posts"}],"about":[{"href":"https:\/\/mediocudeyo.es\/web\/wp-json\/wp\/v2\/types\/post"}],"author":[{"embeddable":true,"href":"https:\/\/mediocudeyo.es\/web\/wp-json\/wp\/v2\/users\/4"}],"replies":[{"embeddable":true,"href":"https:\/\/mediocudeyo.es\/web\/wp-json\/wp\/v2\/comments?post=3928"}],"version-history":[{"count":0,"href":"https:\/\/mediocudeyo.es\/web\/wp-json\/wp\/v2\/posts\/3928\/revisions"}],"wp:attachment":[{"href":"https:\/\/mediocudeyo.es\/web\/wp-json\/wp\/v2\/media?parent=3928"}],"wp:term":[{"taxonomy":"category","embeddable":true,"href":"https:\/\/mediocudeyo.es\/web\/wp-json\/wp\/v2\/categories?post=3928"},{"taxonomy":"post_tag","embeddable":true,"href":"https:\/\/mediocudeyo.es\/web\/wp-json\/wp\/v2\/tags?post=3928"}],"curies":[{"name":"wp","href":"https:\/\/api.w.org\/{rel}","templated":true}]}}