{"id":4054,"date":"2018-06-13T12:40:16","date_gmt":"2018-06-13T11:40:16","guid":{"rendered":"http:\/\/mediocudeyo.es\/web\/?p=4054"},"modified":"2018-06-13T12:40:16","modified_gmt":"2018-06-13T11:40:16","slug":"el-centro-cultural-ramon-pelayo-permanecera-cerrado-al-publico-los-dias-29-y-30-de-junio","status":"publish","type":"post","link":"https:\/\/mediocudeyo.es\/web\/el-centro-cultural-ramon-pelayo-permanecera-cerrado-al-publico-los-dias-29-y-30-de-junio\/","title":{"rendered":"EL CENTRO CULTURAL RAM\u00d3N PELAYO Y TODOS SUS SERVICIOS PERMANECER\u00c1N CERRADOS AL P\u00daBLICO LOS D\u00cdAS 29 Y 30 DE JUNIO"},"content":{"rendered":"<p><img fetchpriority=\"high\" decoding=\"async\" class=\"alignnone size-full wp-image-3513\" src=\"http:\/\/mediocudeyo.es\/web\/wp-content\/uploads\/2018\/03\/cerrado.jpg\" alt=\"\" width=\"600\" height=\"380\" \/><\/p>\n<h1>DISCULPEN LAS MOLESTIAS<\/h1>\n","protected":false},"excerpt":{"rendered":"<p>DISCULPEN LAS MOLESTIAS<\/p>\n","protected":false},"author":4,"featured_media":0,"comment_status":"closed","ping_status":"closed","sticky":false,"template":"","format":"standard","meta":{"footnotes":""},"categories":[59],"tags":[58],"class_list":["post-4054","post","type-post","status-publish","format-standard","hentry","category-cultura","tag-centro-cultural-ramon-pelayo"],"_links":{"self":[{"href":"https:\/\/mediocudeyo.es\/web\/wp-json\/wp\/v2\/posts\/4054"}],"collection":[{"href":"https:\/\/mediocudeyo.es\/web\/wp-json\/wp\/v2\/posts"}],"about":[{"href":"https:\/\/mediocudeyo.es\/web\/wp-json\/wp\/v2\/types\/post"}],"author":[{"embeddable":true,"href":"https:\/\/mediocudeyo.es\/web\/wp-json\/wp\/v2\/users\/4"}],"replies":[{"embeddable":true,"href":"https:\/\/mediocudeyo.es\/web\/wp-json\/wp\/v2\/comments?post=4054"}],"version-history":[{"count":0,"href":"https:\/\/mediocudeyo.es\/web\/wp-json\/wp\/v2\/posts\/4054\/revisions"}],"wp:attachment":[{"href":"https:\/\/mediocudeyo.es\/web\/wp-json\/wp\/v2\/media?parent=4054"}],"wp:term":[{"taxonomy":"category","embeddable":true,"href":"https:\/\/mediocudeyo.es\/web\/wp-json\/wp\/v2\/categories?post=4054"},{"taxonomy":"post_tag","embeddable":true,"href":"https:\/\/mediocudeyo.es\/web\/wp-json\/wp\/v2\/tags?post=4054"}],"curies":[{"name":"wp","href":"https:\/\/api.w.org\/{rel}","templated":true}]}}