{"id":4098,"date":"2018-06-25T11:42:01","date_gmt":"2018-06-25T10:42:01","guid":{"rendered":"http:\/\/mediocudeyo.es\/web\/?p=4098"},"modified":"2018-06-25T11:42:01","modified_gmt":"2018-06-25T10:42:01","slug":"campamento-urbano-de-verano-medio-cudeyo-2018","status":"publish","type":"post","link":"https:\/\/mediocudeyo.es\/web\/campamento-urbano-de-verano-medio-cudeyo-2018\/","title":{"rendered":"CAMPAMENTO URBANO DE VERANO MEDIO CUDEYO 2018"},"content":{"rendered":"<p>Todas las solicitudes presentadas han obtenido plaza para el CAMPAMENTO URBANO DE VERANO MEDIO CUDEYO 2018, salvo Daniel Bed\u00f3n Olmedo y Samuel Alejandro Torres Guataurta.<\/p>\n<p>Desde hoy y hasta el jueves d\u00eda 28 a las 21:00 h. deber\u00e1n presentar justificante de pago en el Centro Cultural Ram\u00f3n Pelayo (Solares) o en: <span style=\"color: #000000;\">centrocultural@mediocudeyo.es<\/span><\/p>\n<p>Para saber el numero de cuenta y el importe a liquidar pueden pasar por el Centro Cultural o llamar al tel. 942522685<\/p>\n<table style=\"height: 28px;\" width=\"5\">\n<tbody>\n<tr>\n<td width=\"182\"><\/td>\n<\/tr>\n<\/tbody>\n<\/table>\n","protected":false},"excerpt":{"rendered":"<p>Todas las solicitudes presentadas han obtenido plaza para el CAMPAMENTO URBANO DE VERANO MEDIO CUDEYO 2018, salvo Daniel Bed\u00f3n Olmedo y Samuel Alejandro Torres Guataurta. Desde hoy y hasta el [&hellip;]<\/p>\n","protected":false},"author":4,"featured_media":0,"comment_status":"closed","ping_status":"closed","sticky":false,"template":"","format":"standard","meta":{"footnotes":""},"categories":[59],"tags":[],"class_list":["post-4098","post","type-post","status-publish","format-standard","hentry","category-cultura"],"_links":{"self":[{"href":"https:\/\/mediocudeyo.es\/web\/wp-json\/wp\/v2\/posts\/4098"}],"collection":[{"href":"https:\/\/mediocudeyo.es\/web\/wp-json\/wp\/v2\/posts"}],"about":[{"href":"https:\/\/mediocudeyo.es\/web\/wp-json\/wp\/v2\/types\/post"}],"author":[{"embeddable":true,"href":"https:\/\/mediocudeyo.es\/web\/wp-json\/wp\/v2\/users\/4"}],"replies":[{"embeddable":true,"href":"https:\/\/mediocudeyo.es\/web\/wp-json\/wp\/v2\/comments?post=4098"}],"version-history":[{"count":0,"href":"https:\/\/mediocudeyo.es\/web\/wp-json\/wp\/v2\/posts\/4098\/revisions"}],"wp:attachment":[{"href":"https:\/\/mediocudeyo.es\/web\/wp-json\/wp\/v2\/media?parent=4098"}],"wp:term":[{"taxonomy":"category","embeddable":true,"href":"https:\/\/mediocudeyo.es\/web\/wp-json\/wp\/v2\/categories?post=4098"},{"taxonomy":"post_tag","embeddable":true,"href":"https:\/\/mediocudeyo.es\/web\/wp-json\/wp\/v2\/tags?post=4098"}],"curies":[{"name":"wp","href":"https:\/\/api.w.org\/{rel}","templated":true}]}}