{"id":4103,"date":"2018-06-28T10:20:16","date_gmt":"2018-06-28T09:20:16","guid":{"rendered":"http:\/\/mediocudeyo.es\/web\/?p=4103"},"modified":"2022-12-12T11:49:28","modified_gmt":"2022-12-12T11:49:28","slug":"del-3-al-29-de-julio-exposicion-de-pintura-el-brindis-en-el-museo-marques-de-valdecilla","status":"publish","type":"post","link":"https:\/\/mediocudeyo.es\/web\/del-3-al-29-de-julio-exposicion-de-pintura-el-brindis-en-el-museo-marques-de-valdecilla\/","title":{"rendered":"DEL 3 AL 29 DE JULIO EXPOSICI\u00d3N DE PINTURA \u00abEL BRINDIS\u00bb EN EL MUSEO MARQU\u00c9S DE VALDECILLA"},"content":{"rendered":"<p>Durante el mes de Julio, en las salas de exposici\u00f3n del Museo Marqu\u00e9s de Valdecilla, se podr\u00e1 visitar la exposici\u00f3n de pintura titulada \u00abEl brindis\u00bb de Jos\u00e9 Ignacio P\u00e9rez Gim\u00e9nez.<\/p>\n<p style=\"text-align: left\">\u00a0 La inauguraci\u00f3n se celebrar\u00e1 el d\u00eda 6 de Julio a las 18 horas en el Museo \u00a0 M<a href=\"http:\/\/mediocudeyo.es\/web\/wp-content\/uploads\/2018\/06\/Sin-t\u00edtulo.jpg\" data-rel=\"lightbox-image-0\" data-rl_title=\"\" data-rl_caption=\"\" title=\"\"><img fetchpriority=\"high\" decoding=\"async\" class=\"size-medium wp-image-4104 alignleft\" src=\"http:\/\/mediocudeyo.es\/web\/wp-content\/uploads\/2018\/06\/Sin-t\u00edtulo-209x300.jpg\" alt=\"\" width=\"209\" height=\"300\" \/><\/a>arqu\u00e9s de Valdecilla, y se podr\u00e1 visitar gratuitamente de Martes tarde a Domingo tarde de 10 a 14 horas y de 17 a 20 horas.<\/p>\n","protected":false},"excerpt":{"rendered":"<p>Durante el mes de Julio, en las salas de exposici\u00f3n del Museo Marqu\u00e9s de Valdecilla, se podr\u00e1 visitar la exposici\u00f3n de pintura titulada \u00abEl brindis\u00bb de Jos\u00e9 Ignacio P\u00e9rez Gim\u00e9nez. [&hellip;]<\/p>\n","protected":false},"author":3,"featured_media":0,"comment_status":"closed","ping_status":"closed","sticky":false,"template":"","format":"standard","meta":{"footnotes":""},"categories":[1],"tags":[],"class_list":["post-4103","post","type-post","status-publish","format-standard","hentry","category-sin-categoria"],"_links":{"self":[{"href":"https:\/\/mediocudeyo.es\/web\/wp-json\/wp\/v2\/posts\/4103"}],"collection":[{"href":"https:\/\/mediocudeyo.es\/web\/wp-json\/wp\/v2\/posts"}],"about":[{"href":"https:\/\/mediocudeyo.es\/web\/wp-json\/wp\/v2\/types\/post"}],"author":[{"embeddable":true,"href":"https:\/\/mediocudeyo.es\/web\/wp-json\/wp\/v2\/users\/3"}],"replies":[{"embeddable":true,"href":"https:\/\/mediocudeyo.es\/web\/wp-json\/wp\/v2\/comments?post=4103"}],"version-history":[{"count":1,"href":"https:\/\/mediocudeyo.es\/web\/wp-json\/wp\/v2\/posts\/4103\/revisions"}],"predecessor-version":[{"id":17843,"href":"https:\/\/mediocudeyo.es\/web\/wp-json\/wp\/v2\/posts\/4103\/revisions\/17843"}],"wp:attachment":[{"href":"https:\/\/mediocudeyo.es\/web\/wp-json\/wp\/v2\/media?parent=4103"}],"wp:term":[{"taxonomy":"category","embeddable":true,"href":"https:\/\/mediocudeyo.es\/web\/wp-json\/wp\/v2\/categories?post=4103"},{"taxonomy":"post_tag","embeddable":true,"href":"https:\/\/mediocudeyo.es\/web\/wp-json\/wp\/v2\/tags?post=4103"}],"curies":[{"name":"wp","href":"https:\/\/api.w.org\/{rel}","templated":true}]}}