{"id":4161,"date":"2018-07-25T10:32:12","date_gmt":"2018-07-25T09:32:12","guid":{"rendered":"http:\/\/mediocudeyo.es\/web\/?p=4161"},"modified":"2022-12-12T11:49:28","modified_gmt":"2022-12-12T11:49:28","slug":"segundo-concurso-de-jardines","status":"publish","type":"post","link":"https:\/\/mediocudeyo.es\/web\/segundo-concurso-de-jardines\/","title":{"rendered":"SEGUNDO CONCURSO DE JARDINES: AMPLIAMOS EL PLAZO DE INSCRIPCI\u00d3N"},"content":{"rendered":"<p><a href=\"http:\/\/mediocudeyo.es\/web\/wp-content\/uploads\/2018\/07\/cartel-concurso-jardines-AMPLIADO-PLAZO.pdf\"><img fetchpriority=\"high\" decoding=\"async\" class=\"alignnone size-medium wp-image-4198 aligncenter\" src=\"http:\/\/mediocudeyo.es\/web\/wp-content\/uploads\/2018\/07\/CARTEL-SEGUNDO-CONCURSO-JARDINES-AMPLIADO-PLAZO-225x300.jpg\" alt=\"\" width=\"225\" height=\"300\" \/><\/a><\/p>\n<p style=\"text-align: justify\">El Ayuntamiento de Medio Cudeyo Organiza el Segundo Concurso de Jardines.<\/p>\n<p style=\"text-align: justify\">Las inscripciones se realizar\u00e1n seg\u00fan el modelo <a href=\"http:\/\/mediocudeyo.es\/web\/wp-content\/uploads\/2018\/07\/ANEXO-I.pdf\">ANEXO I<\/a> hasta el<span style=\"text-decoration: underline\"><strong> 8 de Agosto<\/strong><\/span> en las Oficinas Municipales (Servicios Generales) o a trav\u00e9s del correo electr\u00f3nico: fmv.formacion@mediocudeyo.es<\/p>\n<p style=\"text-align: justify\">La recogida de\u00a0 solicitudes podr\u00e1n realizarse en las Oficinas Municipales (Servicios Generales), en el Centro Cultural Ram\u00f3n Pelayo o descarg\u00e1ndola pinchando sobre el siguiente enlace <em><a href=\"http:\/\/mediocudeyo.es\/web\/wp-content\/uploads\/2018\/07\/ANEXO-I.pdf\">ANEXO I<\/a><\/em><\/p>\n<p>Bases del consurso: <a href=\"http:\/\/mediocudeyo.es\/web\/wp-content\/uploads\/2018\/07\/Bases.pdf\"><em>Bases<\/em><\/a><\/p>\n<p>&nbsp;<\/p>\n<p>&nbsp;<\/p>\n","protected":false},"excerpt":{"rendered":"<p>El Ayuntamiento de Medio Cudeyo Organiza el Segundo Concurso de Jardines. Las inscripciones se realizar\u00e1n seg\u00fan el modelo ANEXO I hasta el 8 de Agosto en las Oficinas Municipales (Servicios [&hellip;]<\/p>\n","protected":false},"author":10,"featured_media":0,"comment_status":"closed","ping_status":"closed","sticky":false,"template":"","format":"standard","meta":{"footnotes":""},"categories":[1],"tags":[],"class_list":["post-4161","post","type-post","status-publish","format-standard","hentry","category-sin-categoria"],"_links":{"self":[{"href":"https:\/\/mediocudeyo.es\/web\/wp-json\/wp\/v2\/posts\/4161"}],"collection":[{"href":"https:\/\/mediocudeyo.es\/web\/wp-json\/wp\/v2\/posts"}],"about":[{"href":"https:\/\/mediocudeyo.es\/web\/wp-json\/wp\/v2\/types\/post"}],"author":[{"embeddable":true,"href":"https:\/\/mediocudeyo.es\/web\/wp-json\/wp\/v2\/users\/10"}],"replies":[{"embeddable":true,"href":"https:\/\/mediocudeyo.es\/web\/wp-json\/wp\/v2\/comments?post=4161"}],"version-history":[{"count":1,"href":"https:\/\/mediocudeyo.es\/web\/wp-json\/wp\/v2\/posts\/4161\/revisions"}],"predecessor-version":[{"id":17842,"href":"https:\/\/mediocudeyo.es\/web\/wp-json\/wp\/v2\/posts\/4161\/revisions\/17842"}],"wp:attachment":[{"href":"https:\/\/mediocudeyo.es\/web\/wp-json\/wp\/v2\/media?parent=4161"}],"wp:term":[{"taxonomy":"category","embeddable":true,"href":"https:\/\/mediocudeyo.es\/web\/wp-json\/wp\/v2\/categories?post=4161"},{"taxonomy":"post_tag","embeddable":true,"href":"https:\/\/mediocudeyo.es\/web\/wp-json\/wp\/v2\/tags?post=4161"}],"curies":[{"name":"wp","href":"https:\/\/api.w.org\/{rel}","templated":true}]}}