{"id":4174,"date":"2018-08-02T10:09:50","date_gmt":"2018-08-02T09:09:50","guid":{"rendered":"http:\/\/mediocudeyo.es\/web\/?p=4174"},"modified":"2022-12-12T11:49:28","modified_gmt":"2022-12-12T11:49:28","slug":"exposicion-de-fotografia-el-alma-del-agua","status":"publish","type":"post","link":"https:\/\/mediocudeyo.es\/web\/exposicion-de-fotografia-el-alma-del-agua\/","title":{"rendered":"EXPOSICI\u00d3N DE FOTOGRAF\u00cdA \u00abEL ALMA DEL AGUA\u00bb"},"content":{"rendered":"<p style=\"text-align: left\"><a href=\"http:\/\/mediocudeyo.es\/web\/wp-content\/uploads\/2018\/08\/jjjj.jpg\" data-rel=\"lightbox-image-0\" data-rl_title=\"\" data-rl_caption=\"\" title=\"\"><img fetchpriority=\"high\" decoding=\"async\" class=\" wp-image-4175 alignleft\" src=\"http:\/\/mediocudeyo.es\/web\/wp-content\/uploads\/2018\/08\/jjjj-214x300.jpg\" alt=\"\" width=\"250\" height=\"351\" \/><\/a>La nueva exposici\u00f3n de fotograf\u00eda \u201cEl Alma del Agua\u201d, obra del colectivo \u201cGui\u00f1os de Cantabria\u201d, podr\u00e1 ser visitada en las salas de exposici\u00f3n temporal de la Casa Blanca (Museo Marqu\u00e9s de Valdecilla) del 3 al 31 de agosto.<\/p>\n<p style=\"text-align: left\">La inauguraci\u00f3n se celebrar\u00e1 el viernes, d\u00eda 3 de agosto, a las 18h.<\/p>\n<p>&nbsp;<\/p>\n<p style=\"text-align: left\">El acceso a las salas es libre y gratuito, de martes por la tarde a domingo en horario de 10 a 14h y de 17 a 20h.<\/p>\n<p style=\"text-align: right\">\n","protected":false},"excerpt":{"rendered":"<p>La nueva exposici\u00f3n de fotograf\u00eda \u201cEl Alma del Agua\u201d, obra del colectivo \u201cGui\u00f1os de Cantabria\u201d, podr\u00e1 ser visitada en las salas de exposici\u00f3n temporal de la Casa Blanca (Museo Marqu\u00e9s [&hellip;]<\/p>\n","protected":false},"author":3,"featured_media":0,"comment_status":"closed","ping_status":"closed","sticky":false,"template":"","format":"standard","meta":{"footnotes":""},"categories":[1],"tags":[],"class_list":["post-4174","post","type-post","status-publish","format-standard","hentry","category-sin-categoria"],"_links":{"self":[{"href":"https:\/\/mediocudeyo.es\/web\/wp-json\/wp\/v2\/posts\/4174"}],"collection":[{"href":"https:\/\/mediocudeyo.es\/web\/wp-json\/wp\/v2\/posts"}],"about":[{"href":"https:\/\/mediocudeyo.es\/web\/wp-json\/wp\/v2\/types\/post"}],"author":[{"embeddable":true,"href":"https:\/\/mediocudeyo.es\/web\/wp-json\/wp\/v2\/users\/3"}],"replies":[{"embeddable":true,"href":"https:\/\/mediocudeyo.es\/web\/wp-json\/wp\/v2\/comments?post=4174"}],"version-history":[{"count":1,"href":"https:\/\/mediocudeyo.es\/web\/wp-json\/wp\/v2\/posts\/4174\/revisions"}],"predecessor-version":[{"id":17841,"href":"https:\/\/mediocudeyo.es\/web\/wp-json\/wp\/v2\/posts\/4174\/revisions\/17841"}],"wp:attachment":[{"href":"https:\/\/mediocudeyo.es\/web\/wp-json\/wp\/v2\/media?parent=4174"}],"wp:term":[{"taxonomy":"category","embeddable":true,"href":"https:\/\/mediocudeyo.es\/web\/wp-json\/wp\/v2\/categories?post=4174"},{"taxonomy":"post_tag","embeddable":true,"href":"https:\/\/mediocudeyo.es\/web\/wp-json\/wp\/v2\/tags?post=4174"}],"curies":[{"name":"wp","href":"https:\/\/api.w.org\/{rel}","templated":true}]}}