{"id":4181,"date":"2018-08-02T11:05:59","date_gmt":"2018-08-02T10:05:59","guid":{"rendered":"http:\/\/mediocudeyo.es\/web\/?p=4181"},"modified":"2018-08-02T11:05:59","modified_gmt":"2018-08-02T10:05:59","slug":"fiestas-santa-maria-de-cudeyo-2018","status":"publish","type":"post","link":"https:\/\/mediocudeyo.es\/web\/fiestas-santa-maria-de-cudeyo-2018\/","title":{"rendered":"Fiestas Santa Mar\u00eda de Cudeyo 2018"},"content":{"rendered":"<p>Se aproxima el mes de agosto y Medio Cudeyo se prepara, con gozo y con pasi\u00f3n, para celebrar las Fiestas en honor a Santa Mar\u00eda de Cudeyo.<\/p>\n<p>Una vez que el chupinazo ha estallado, llega el momento de ponerse el pa\u00f1uelo al cuello, de divertirse y de vivirlas con la m\u00e1xima intensidad, siempre como el resto del a\u00f1o, desde el respeto a la gente con la que convivimos y al entorno que nos rodea.<\/p>\n<p>Os presentamos un programa de fiestas con trece d\u00edas repletos de actividades en los que Medio Cudeyo suena, sabe, huele y se ve distinto. Trece d\u00edas para compartir, para celebrar, para emocionarse\u2026 Trece d\u00edas para disfrutar con alegr\u00eda y felicidad, de un conjunto de m\u00e1s de cincuenta actividades para ni\u00f1os, j\u00f3venes y mayores. Trece d\u00edas cargados de propuestas que comenzar\u00e1n el viernes 3 de agosto a ritmo de Mariachi y que podr\u00e9is descubrir en el folleto adjunto&#8230;<\/p>\n<p><a href=\"http:\/\/www.mediocudeyo.es\/web\/wp-content\/uploads\/2018\/08\/PROGRAMA_2018.pdf\">Programa Fiestas 2018<\/a><\/p>\n","protected":false},"excerpt":{"rendered":"<p>Se aproxima el mes de agosto y Medio Cudeyo se prepara, con gozo y con pasi\u00f3n, para celebrar las Fiestas en honor a Santa Mar\u00eda de Cudeyo. Una vez que [&hellip;]<\/p>\n","protected":false},"author":2,"featured_media":4185,"comment_status":"closed","ping_status":"closed","sticky":false,"template":"","format":"standard","meta":{"footnotes":""},"categories":[111,59,38,42,48,49,57],"tags":[236,169,237,170],"class_list":["post-4181","post","type-post","status-publish","format-standard","has-post-thumbnail","hentry","category-ciudadano","category-cultura","category-deporte","category-festejos","category-infantil","category-juventud","category-turismo","tag-concieto","tag-fiestas","tag-ninos","tag-programa"],"_links":{"self":[{"href":"https:\/\/mediocudeyo.es\/web\/wp-json\/wp\/v2\/posts\/4181"}],"collection":[{"href":"https:\/\/mediocudeyo.es\/web\/wp-json\/wp\/v2\/posts"}],"about":[{"href":"https:\/\/mediocudeyo.es\/web\/wp-json\/wp\/v2\/types\/post"}],"author":[{"embeddable":true,"href":"https:\/\/mediocudeyo.es\/web\/wp-json\/wp\/v2\/users\/2"}],"replies":[{"embeddable":true,"href":"https:\/\/mediocudeyo.es\/web\/wp-json\/wp\/v2\/comments?post=4181"}],"version-history":[{"count":0,"href":"https:\/\/mediocudeyo.es\/web\/wp-json\/wp\/v2\/posts\/4181\/revisions"}],"wp:featuredmedia":[{"embeddable":true,"href":"https:\/\/mediocudeyo.es\/web\/wp-json\/"}],"wp:attachment":[{"href":"https:\/\/mediocudeyo.es\/web\/wp-json\/wp\/v2\/media?parent=4181"}],"wp:term":[{"taxonomy":"category","embeddable":true,"href":"https:\/\/mediocudeyo.es\/web\/wp-json\/wp\/v2\/categories?post=4181"},{"taxonomy":"post_tag","embeddable":true,"href":"https:\/\/mediocudeyo.es\/web\/wp-json\/wp\/v2\/tags?post=4181"}],"curies":[{"name":"wp","href":"https:\/\/api.w.org\/{rel}","templated":true}]}}