{"id":4189,"date":"2018-08-28T01:03:12","date_gmt":"2018-08-28T00:03:12","guid":{"rendered":"http:\/\/mediocudeyo.es\/web\/?p=4189"},"modified":"2018-08-28T01:03:12","modified_gmt":"2018-08-28T00:03:12","slug":"artisticas-festival-de-arte-en-femenino","status":"publish","type":"post","link":"https:\/\/mediocudeyo.es\/web\/artisticas-festival-de-arte-en-femenino\/","title":{"rendered":"ART\u00cdSTICAS -Festival de Artes en Femenino"},"content":{"rendered":"<h2><img fetchpriority=\"high\" decoding=\"async\" class=\"alignnone size-full wp-image-4191\" src=\"http:\/\/mediocudeyo.es\/web\/wp-content\/uploads\/2018\/08\/cartel_artisticas-FINAL-jpg.jpg\" alt=\"\" width=\"567\" height=\"825\" \/> <img decoding=\"async\" class=\"alignnone size-large wp-image-4192\" src=\"http:\/\/mediocudeyo.es\/web\/wp-content\/uploads\/2018\/08\/flyer_artisticas-FINAL-jpg-487x1024.jpg\" alt=\"\" width=\"474\" height=\"997\" \/><\/h2>\n<p>Las concejal\u00edas de Cultura e Igualdad, en representaci\u00f3n del Ayuntamiento de Medio Cudeyo, se complacen en presentar la 2\u00aa Edici\u00f3n del festival ARTISTICAS_MEDIO CUDEYO, un punto de encuentro del Arte y la Cultura en FEMENINO.<\/p>\n<p>Es nuestro objetivo visibilizar y dar el lugar que las corresponde a , aproximadamente, cuarenta MUJERES ARTISTAS, que nos ofrecer\u00e1n distintas visiones del arte a trav\u00e9s de la m\u00fasica, la poes\u00eda, el teatro, la fotograf\u00eda, la danza y la pintura.<\/p>\n<p>Un festiva<span class=\"text_exposed_show\">l de MUJERES PARA MUJERES Y HOMBRES, CHICAS Y CHICOS, NI\u00d1AS Y NI\u00d1OS.<\/span><!--more--><\/p>\n<div class=\"text_exposed_show\">\n<p>Os esperamos el 1 y el 2 de septiembre en la Finca del Marqu\u00e9s de Valdecilla (Valdecilla, Medio Cudeyo)<\/p>\n<p>Toda la informaci\u00f3n acerca del festival en la p\u00e1gina de Facebook Artisticas_mediocudeyo<\/p>\n<p>\u00bb Yo no deseo que las mujeres tengan poder sobre los hombres, si no sobre s\u00ed mismas\u00bb (M. Wollstonecraft)<\/p>\n<\/div>\n<p><!--more--><\/p>\n","protected":false},"excerpt":{"rendered":"<p>Las concejal\u00edas de Cultura e Igualdad, en representaci\u00f3n del Ayuntamiento de Medio Cudeyo, se complacen en presentar la 2\u00aa Edici\u00f3n del festival ARTISTICAS_MEDIO CUDEYO, un punto de encuentro del Arte [&hellip;]<\/p>\n","protected":false},"author":4,"featured_media":0,"comment_status":"closed","ping_status":"closed","sticky":false,"template":"","format":"standard","meta":{"footnotes":""},"categories":[59],"tags":[238],"class_list":["post-4189","post","type-post","status-publish","format-standard","hentry","category-cultura","tag-cultura"],"_links":{"self":[{"href":"https:\/\/mediocudeyo.es\/web\/wp-json\/wp\/v2\/posts\/4189"}],"collection":[{"href":"https:\/\/mediocudeyo.es\/web\/wp-json\/wp\/v2\/posts"}],"about":[{"href":"https:\/\/mediocudeyo.es\/web\/wp-json\/wp\/v2\/types\/post"}],"author":[{"embeddable":true,"href":"https:\/\/mediocudeyo.es\/web\/wp-json\/wp\/v2\/users\/4"}],"replies":[{"embeddable":true,"href":"https:\/\/mediocudeyo.es\/web\/wp-json\/wp\/v2\/comments?post=4189"}],"version-history":[{"count":0,"href":"https:\/\/mediocudeyo.es\/web\/wp-json\/wp\/v2\/posts\/4189\/revisions"}],"wp:attachment":[{"href":"https:\/\/mediocudeyo.es\/web\/wp-json\/wp\/v2\/media?parent=4189"}],"wp:term":[{"taxonomy":"category","embeddable":true,"href":"https:\/\/mediocudeyo.es\/web\/wp-json\/wp\/v2\/categories?post=4189"},{"taxonomy":"post_tag","embeddable":true,"href":"https:\/\/mediocudeyo.es\/web\/wp-json\/wp\/v2\/tags?post=4189"}],"curies":[{"name":"wp","href":"https:\/\/api.w.org\/{rel}","templated":true}]}}