{"id":4213,"date":"2018-08-28T13:31:06","date_gmt":"2018-08-28T12:31:06","guid":{"rendered":"http:\/\/mediocudeyo.es\/web\/?p=4213"},"modified":"2018-08-28T13:31:06","modified_gmt":"2018-08-28T12:31:06","slug":"concierto-funk-indigo","status":"publish","type":"post","link":"https:\/\/mediocudeyo.es\/web\/concierto-funk-indigo\/","title":{"rendered":"CONCIERTO: FUNK INDIGO"},"content":{"rendered":"<p><img fetchpriority=\"high\" decoding=\"async\" class=\"alignnone size-large wp-image-4214\" src=\"http:\/\/mediocudeyo.es\/web\/wp-content\/uploads\/2018\/08\/Concierto-Ramon-Calder\u00f3n-724x1024.jpg\" alt=\"\" width=\"474\" height=\"670\" \/><\/p>\n<p>El Mi\u00e9rcoles 29 de Agosto en el CCRP a las 19:00h. JAZZ FUNK Y OTROS \u00c1NGULOS DE MUSICALIDAD en la obra de Ram\u00f3n Calder\u00f3n.<\/p>\n<p>Contaremos con la visita comentada de Paco Mancebo \u00edntimo amigo de Ram\u00f3n y su familia, promotor cultural y cofundador junto al artista, del m\u00edtico local A gogo de Torrelavega.<!--more--><\/p>\n<p>A las 20:00h. tendr\u00e1 lugar el concierto de FUNK INDIGO. Nace bajo la influencia del soul, el jazz, el blues, el funk, el hip hop y la m\u00fasica electr\u00f3nica para crear un sonido original a trav\u00e9s de sus composiciones, de gran car\u00e1cter instrumental, con mucho groove y un sonido muy sint\u00e9tico ajustado a su esencia ac\u00fastica y mel\u00f3dica.<br \/>\nTodos los miembros tienen marcadas y variadas trayectorias musicales, en distintos estilos que hacen que la musicalidad de FUNK INDIGO sea fresca, original y haga vibrar al p\u00fablico.<\/p>\n<p>Chema Palenzuela Chema Palenzuela Martinez: Teclista y compositor<br \/>\nJose Ram\u00f3n Castellanos Mon Castellanos Fdez-Oru\u00f1a: Bateria.<br \/>\nSergio Mayora Sergio Mayoral de la Puentel: Trompeta<\/p>\n<p>Entrada libre hasta completar aforo.<\/p>\n","protected":false},"excerpt":{"rendered":"<p>El Mi\u00e9rcoles 29 de Agosto en el CCRP a las 19:00h. JAZZ FUNK Y OTROS \u00c1NGULOS DE MUSICALIDAD en la obra de Ram\u00f3n Calder\u00f3n. Contaremos con la visita comentada de [&hellip;]<\/p>\n","protected":false},"author":4,"featured_media":0,"comment_status":"closed","ping_status":"closed","sticky":false,"template":"","format":"standard","meta":{"footnotes":""},"categories":[59],"tags":[193,58,90,87,160],"class_list":["post-4213","post","type-post","status-publish","format-standard","hentry","category-cultura","tag-arte","tag-centro-cultural-ramon-pelayo","tag-concierto","tag-exposicion","tag-musica"],"_links":{"self":[{"href":"https:\/\/mediocudeyo.es\/web\/wp-json\/wp\/v2\/posts\/4213"}],"collection":[{"href":"https:\/\/mediocudeyo.es\/web\/wp-json\/wp\/v2\/posts"}],"about":[{"href":"https:\/\/mediocudeyo.es\/web\/wp-json\/wp\/v2\/types\/post"}],"author":[{"embeddable":true,"href":"https:\/\/mediocudeyo.es\/web\/wp-json\/wp\/v2\/users\/4"}],"replies":[{"embeddable":true,"href":"https:\/\/mediocudeyo.es\/web\/wp-json\/wp\/v2\/comments?post=4213"}],"version-history":[{"count":0,"href":"https:\/\/mediocudeyo.es\/web\/wp-json\/wp\/v2\/posts\/4213\/revisions"}],"wp:attachment":[{"href":"https:\/\/mediocudeyo.es\/web\/wp-json\/wp\/v2\/media?parent=4213"}],"wp:term":[{"taxonomy":"category","embeddable":true,"href":"https:\/\/mediocudeyo.es\/web\/wp-json\/wp\/v2\/categories?post=4213"},{"taxonomy":"post_tag","embeddable":true,"href":"https:\/\/mediocudeyo.es\/web\/wp-json\/wp\/v2\/tags?post=4213"}],"curies":[{"name":"wp","href":"https:\/\/api.w.org\/{rel}","templated":true}]}}