{"id":4217,"date":"2018-08-22T08:44:47","date_gmt":"2018-08-22T07:44:47","guid":{"rendered":"http:\/\/mediocudeyo.es\/web\/?p=4217"},"modified":"2018-08-22T08:44:47","modified_gmt":"2018-08-22T07:44:47","slug":"cine-al-aire-libre-en-solares","status":"publish","type":"post","link":"https:\/\/mediocudeyo.es\/web\/cine-al-aire-libre-en-solares\/","title":{"rendered":"CINE AL AIRE LIBRE EN SOLARES"},"content":{"rendered":"<p><img fetchpriority=\"high\" decoding=\"async\" class=\"alignnone size-large wp-image-4218\" src=\"http:\/\/mediocudeyo.es\/web\/wp-content\/uploads\/2018\/08\/cartel-definitivo-cine-de-verano-2018-TADEO-538x1024.jpg\" alt=\"\" width=\"474\" height=\"902\" \/><\/p>\n<div id=\"js_23l\" class=\"_5pbx userContent _3576\" data-ft=\"{&quot;tn&quot;:&quot;K&quot;}\">\n<p>El pr\u00f3ximo mi\u00e9rcoles 29 de Agosto, a las 22:00h. tenemos una cita con el cine al aire libre en el parque Monse\u00f1or de Cos.<\/p>\n<p>Os esperamos!!.<\/p>\n<\/div>\n<div class=\"_3x-2\" data-ft=\"{&quot;tn&quot;:&quot;H&quot;}\"><\/div>\n","protected":false},"excerpt":{"rendered":"<p>El pr\u00f3ximo mi\u00e9rcoles 29 de Agosto, a las 22:00h. tenemos una cita con el cine al aire libre en el parque Monse\u00f1or de Cos. Os esperamos!!.<\/p>\n","protected":false},"author":4,"featured_media":0,"comment_status":"closed","ping_status":"closed","sticky":false,"template":"","format":"standard","meta":{"footnotes":""},"categories":[59],"tags":[239],"class_list":["post-4217","post","type-post","status-publish","format-standard","hentry","category-cultura","tag-cine-al-ire-libre"],"_links":{"self":[{"href":"https:\/\/mediocudeyo.es\/web\/wp-json\/wp\/v2\/posts\/4217"}],"collection":[{"href":"https:\/\/mediocudeyo.es\/web\/wp-json\/wp\/v2\/posts"}],"about":[{"href":"https:\/\/mediocudeyo.es\/web\/wp-json\/wp\/v2\/types\/post"}],"author":[{"embeddable":true,"href":"https:\/\/mediocudeyo.es\/web\/wp-json\/wp\/v2\/users\/4"}],"replies":[{"embeddable":true,"href":"https:\/\/mediocudeyo.es\/web\/wp-json\/wp\/v2\/comments?post=4217"}],"version-history":[{"count":0,"href":"https:\/\/mediocudeyo.es\/web\/wp-json\/wp\/v2\/posts\/4217\/revisions"}],"wp:attachment":[{"href":"https:\/\/mediocudeyo.es\/web\/wp-json\/wp\/v2\/media?parent=4217"}],"wp:term":[{"taxonomy":"category","embeddable":true,"href":"https:\/\/mediocudeyo.es\/web\/wp-json\/wp\/v2\/categories?post=4217"},{"taxonomy":"post_tag","embeddable":true,"href":"https:\/\/mediocudeyo.es\/web\/wp-json\/wp\/v2\/tags?post=4217"}],"curies":[{"name":"wp","href":"https:\/\/api.w.org\/{rel}","templated":true}]}}