{"id":4221,"date":"2018-08-24T10:29:14","date_gmt":"2018-08-24T09:29:14","guid":{"rendered":"http:\/\/mediocudeyo.es\/web\/?p=4221"},"modified":"2018-08-24T10:29:14","modified_gmt":"2018-08-24T09:29:14","slug":"talleres-de-las-escuelas-culturales-de-medio-cudeyo","status":"publish","type":"post","link":"https:\/\/mediocudeyo.es\/web\/talleres-de-las-escuelas-culturales-de-medio-cudeyo\/","title":{"rendered":"TALLERES DE LAS ESCUELAS CULTURALES DE MEDIO CUDEYO"},"content":{"rendered":"<p><img fetchpriority=\"high\" decoding=\"async\" class=\"alignnone size-large wp-image-4222\" src=\"http:\/\/mediocudeyo.es\/web\/wp-content\/uploads\/2018\/08\/Portada-Escuelas-culturales-para-festejos-2018-2019-psd-724x1024.jpg\" alt=\"\" width=\"474\" height=\"670\" \/><\/p>\n<p>Abierto el plazo de preinscripci\u00f3n para los Talleres de las Escuelas Culturales de Medio Cudeyo hasta el viernes 7 de septiembre.<\/p>\n<p>TEATRO<\/p>\n<p>ROB\u00d3TICA<\/p>\n<p>AJEDREZ<\/p>\n<p>LITTLE CHEF<\/p>\n<p>FOTOGRAF\u00cdA<\/p>\n<p>BAILE EN FAMILIA<\/p>\n<p>+ info e inscripciones en el Centro Cultural Ram\u00f3n Pelayo (Solares), tel. 94252685<\/p>\n","protected":false},"excerpt":{"rendered":"<p>Abierto el plazo de preinscripci\u00f3n para los Talleres de las Escuelas Culturales de Medio Cudeyo hasta el viernes 7 de septiembre. TEATRO ROB\u00d3TICA AJEDREZ LITTLE CHEF FOTOGRAF\u00cdA BAILE EN FAMILIA [&hellip;]<\/p>\n","protected":false},"author":4,"featured_media":0,"comment_status":"closed","ping_status":"closed","sticky":false,"template":"","format":"standard","meta":{"footnotes":""},"categories":[59],"tags":[58,92],"class_list":["post-4221","post","type-post","status-publish","format-standard","hentry","category-cultura","tag-centro-cultural-ramon-pelayo","tag-escuelas-culturales"],"_links":{"self":[{"href":"https:\/\/mediocudeyo.es\/web\/wp-json\/wp\/v2\/posts\/4221"}],"collection":[{"href":"https:\/\/mediocudeyo.es\/web\/wp-json\/wp\/v2\/posts"}],"about":[{"href":"https:\/\/mediocudeyo.es\/web\/wp-json\/wp\/v2\/types\/post"}],"author":[{"embeddable":true,"href":"https:\/\/mediocudeyo.es\/web\/wp-json\/wp\/v2\/users\/4"}],"replies":[{"embeddable":true,"href":"https:\/\/mediocudeyo.es\/web\/wp-json\/wp\/v2\/comments?post=4221"}],"version-history":[{"count":0,"href":"https:\/\/mediocudeyo.es\/web\/wp-json\/wp\/v2\/posts\/4221\/revisions"}],"wp:attachment":[{"href":"https:\/\/mediocudeyo.es\/web\/wp-json\/wp\/v2\/media?parent=4221"}],"wp:term":[{"taxonomy":"category","embeddable":true,"href":"https:\/\/mediocudeyo.es\/web\/wp-json\/wp\/v2\/categories?post=4221"},{"taxonomy":"post_tag","embeddable":true,"href":"https:\/\/mediocudeyo.es\/web\/wp-json\/wp\/v2\/tags?post=4221"}],"curies":[{"name":"wp","href":"https:\/\/api.w.org\/{rel}","templated":true}]}}