{"id":4226,"date":"2018-08-27T13:50:45","date_gmt":"2018-08-27T12:50:45","guid":{"rendered":"http:\/\/mediocudeyo.es\/web\/?p=4226"},"modified":"2018-08-27T13:50:45","modified_gmt":"2018-08-27T12:50:45","slug":"concurso-de-fotografia-el-retornar-del-indiano-2018","status":"publish","type":"post","link":"https:\/\/mediocudeyo.es\/web\/concurso-de-fotografia-el-retornar-del-indiano-2018\/","title":{"rendered":"CONCURSO DE FOTOGRAF\u00cdA \u00abEL RETORNAR DEL INDIANO 2018\u00bb"},"content":{"rendered":"<p><strong>CATEGOR\u00cdA: FOTOGRAF\u00cdA M\u00c1S POPULAR<\/strong><\/p>\n<p>PRIMER PREMIO:<\/p>\n<p>La Casa Blanca, un sue\u00f1o.<\/p>\n<p>Ana Ruiz Prieto.<\/p>\n<p>SEGUNDO PREMIO:<!--more--><\/p>\n<p>Un paseo por el parque.<\/p>\n<p>M\u00aa Celeste Reigadas Revilla.<\/p>\n<p>TERCER PREMIO:<\/p>\n<p>Paseando por la finca.<\/p>\n<p>Jos\u00e9 Luis Calleja Guti\u00e9rrez<\/p>\n<p><strong>CATEGOR\u00cdA: MEJOR FOTOGRAF\u00cdA<\/strong><\/p>\n<p>PRIMER PREMIO:<\/p>\n<p>Adi\u00f3s indianos, adi\u00f3s.<\/p>\n<p>Jos\u00e9 Luis Calleja Guti\u00e9rrez.<\/p>\n<p>SEGUNDO PREMIO:<\/p>\n<p>La Casa Blanca, un sue\u00f1o.<\/p>\n<p>Ana Ruiz Prieto.<\/p>\n<p>TERCER PREMIO:<\/p>\n<p>Preparados para iniciar el viaje.<\/p>\n<p>Ana Ruiz Prieto.<\/p>\n<p><strong>CATEGOR\u00cdA: FOTOGRAF\u00cdA M\u00d3VIL<\/strong><\/p>\n<p>PRIMER PREMIO:<\/p>\n<p>Nexo de uni\u00f3n.<\/p>\n<p>Jose Luis Calleja Guti\u00e9rrez.<\/p>\n<p>SEGUNDO PREMIO:<\/p>\n<p>Llegando a casa<\/p>\n<p>M\u00aa Celeste Reigadas Revilla<\/p>\n<p><img fetchpriority=\"high\" decoding=\"async\" class=\"alignnone size-large wp-image-4227\" src=\"http:\/\/mediocudeyo.es\/web\/wp-content\/uploads\/2018\/08\/La-casa-blanca-un-sue\u00f1o-656x1024.jpg\" alt=\"\" width=\"474\" height=\"740\" \/><\/p>\n<p>\u00abLa Casa Blanca, un sue\u00f1o\u00bb\u00a0 Ana Ruiz Prieto.<\/p>\n<p><img decoding=\"async\" class=\"alignnone size-large wp-image-4228\" src=\"http:\/\/mediocudeyo.es\/web\/wp-content\/uploads\/2018\/08\/adios-indianos-adios-copia-1024x683.jpg\" alt=\"\" width=\"474\" height=\"316\" \/><\/p>\n<p>\u00abAdi\u00f3s indianos, adi\u00f3s\u00bb Jos\u00e9 Luis Calleja Guti\u00e9rrez.<\/p>\n<p><img decoding=\"async\" class=\"alignnone size-large wp-image-4229\" src=\"http:\/\/mediocudeyo.es\/web\/wp-content\/uploads\/2018\/08\/Nexo-de-union-copia-1024x683.jpg\" alt=\"\" width=\"474\" height=\"316\" \/><\/p>\n<p>\u00abNexo de uni\u00f3n\u00bb Jos\u00e9 Luis Calleja Guti\u00e9rrez.<\/p>\n","protected":false},"excerpt":{"rendered":"<p>CATEGOR\u00cdA: FOTOGRAF\u00cdA M\u00c1S POPULAR PRIMER PREMIO: La Casa Blanca, un sue\u00f1o. Ana Ruiz Prieto. SEGUNDO PREMIO:<\/p>\n","protected":false},"author":4,"featured_media":0,"comment_status":"closed","ping_status":"closed","sticky":false,"template":"","format":"standard","meta":{"footnotes":""},"categories":[59],"tags":[106,107,88],"class_list":["post-4226","post","type-post","status-publish","format-standard","hentry","category-cultura","tag-concurso","tag-el-retornar-del-indiano","tag-fotografia"],"_links":{"self":[{"href":"https:\/\/mediocudeyo.es\/web\/wp-json\/wp\/v2\/posts\/4226"}],"collection":[{"href":"https:\/\/mediocudeyo.es\/web\/wp-json\/wp\/v2\/posts"}],"about":[{"href":"https:\/\/mediocudeyo.es\/web\/wp-json\/wp\/v2\/types\/post"}],"author":[{"embeddable":true,"href":"https:\/\/mediocudeyo.es\/web\/wp-json\/wp\/v2\/users\/4"}],"replies":[{"embeddable":true,"href":"https:\/\/mediocudeyo.es\/web\/wp-json\/wp\/v2\/comments?post=4226"}],"version-history":[{"count":0,"href":"https:\/\/mediocudeyo.es\/web\/wp-json\/wp\/v2\/posts\/4226\/revisions"}],"wp:attachment":[{"href":"https:\/\/mediocudeyo.es\/web\/wp-json\/wp\/v2\/media?parent=4226"}],"wp:term":[{"taxonomy":"category","embeddable":true,"href":"https:\/\/mediocudeyo.es\/web\/wp-json\/wp\/v2\/categories?post=4226"},{"taxonomy":"post_tag","embeddable":true,"href":"https:\/\/mediocudeyo.es\/web\/wp-json\/wp\/v2\/tags?post=4226"}],"curies":[{"name":"wp","href":"https:\/\/api.w.org\/{rel}","templated":true}]}}