{"id":4324,"date":"2018-09-07T12:27:01","date_gmt":"2018-09-07T11:27:01","guid":{"rendered":"http:\/\/mediocudeyo.es\/web\/?p=4324"},"modified":"2022-12-12T11:49:28","modified_gmt":"2022-12-12T11:49:28","slug":"exposicion-de-fotografia-manuel-llano-homenaje-al-sarrujan-de-carmona","status":"publish","type":"post","link":"https:\/\/mediocudeyo.es\/web\/exposicion-de-fotografia-manuel-llano-homenaje-al-sarrujan-de-carmona\/","title":{"rendered":"EXPOSICI\u00d3N DE FOTOGRAF\u00cdA \u201cManuel Llano, homenaje al sarruj\u00e1n de Carmona\u201d"},"content":{"rendered":"<div id=\"js_asp\" class=\"_5pbx userContent _3576\">\n<p>Durante el mes de septiembre la exposici\u00f3n de fotograf\u00eda del Gobierno de Cantabria \u00abManuel Llano, homenaje al sarruj\u00e1n de Carmona\u00bb estar\u00e1 abierta al p\u00fablico en una de las salas de exposici\u00f3n temporal de la Casa Blanca.<span class=\"_5mfr _47e3\"><img decoding=\"async\" class=\"img\" src=\"https:\/\/static.xx.fbcdn.net\/images\/emoji.php\/v9\/fde\/1\/16\/1f4f8.png\" alt=\"\" width=\"16\" height=\"16\" \/><\/span><\/p>\n<p><img fetchpriority=\"high\" decoding=\"async\" class=\"alignleft  wp-image-2749\" src=\"http:\/\/www.turismomediocudeyo.es\/web\/wp-content\/uploads\/41106086_2174448716157815_4387259451631992832_o-212x300.jpg\" alt=\"41106086_2174448716157815_4387259451631992832_o\" width=\"232\" height=\"322\" \/><\/p>\n<p><em>\u00abLa propuesta recorre Cantabria a trav\u00e9s de hermosas im\u00e1genes presentadas por breves fragmentos de la obra del ilustre autor monta\u00f1\u00e9s. Nadie mejor que Manuel Llano para aderezar esta muestra fotografica con la fuerza de una prosa que supo captar la esencia de la Cantabria m\u00e1s tradicional.\u00bb<\/em><\/p>\n<p>El acceso a la sala es libre y gratuito, los martes de 17 a 20 horas y de mi\u00e9rcoles a domingo de 10 a 14 y de 17 a 20 horas.<\/p>\n<\/div>\n","protected":false},"excerpt":{"rendered":"<p>Durante el mes de septiembre la exposici\u00f3n de fotograf\u00eda del Gobierno de Cantabria \u00abManuel Llano, homenaje al sarruj\u00e1n de Carmona\u00bb estar\u00e1 abierta al p\u00fablico en una de las salas de [&hellip;]<\/p>\n","protected":false},"author":3,"featured_media":0,"comment_status":"closed","ping_status":"closed","sticky":false,"template":"","format":"standard","meta":{"footnotes":""},"categories":[1],"tags":[],"class_list":["post-4324","post","type-post","status-publish","format-standard","hentry","category-sin-categoria"],"_links":{"self":[{"href":"https:\/\/mediocudeyo.es\/web\/wp-json\/wp\/v2\/posts\/4324"}],"collection":[{"href":"https:\/\/mediocudeyo.es\/web\/wp-json\/wp\/v2\/posts"}],"about":[{"href":"https:\/\/mediocudeyo.es\/web\/wp-json\/wp\/v2\/types\/post"}],"author":[{"embeddable":true,"href":"https:\/\/mediocudeyo.es\/web\/wp-json\/wp\/v2\/users\/3"}],"replies":[{"embeddable":true,"href":"https:\/\/mediocudeyo.es\/web\/wp-json\/wp\/v2\/comments?post=4324"}],"version-history":[{"count":1,"href":"https:\/\/mediocudeyo.es\/web\/wp-json\/wp\/v2\/posts\/4324\/revisions"}],"predecessor-version":[{"id":17838,"href":"https:\/\/mediocudeyo.es\/web\/wp-json\/wp\/v2\/posts\/4324\/revisions\/17838"}],"wp:attachment":[{"href":"https:\/\/mediocudeyo.es\/web\/wp-json\/wp\/v2\/media?parent=4324"}],"wp:term":[{"taxonomy":"category","embeddable":true,"href":"https:\/\/mediocudeyo.es\/web\/wp-json\/wp\/v2\/categories?post=4324"},{"taxonomy":"post_tag","embeddable":true,"href":"https:\/\/mediocudeyo.es\/web\/wp-json\/wp\/v2\/tags?post=4324"}],"curies":[{"name":"wp","href":"https:\/\/api.w.org\/{rel}","templated":true}]}}