{"id":4379,"date":"2018-09-12T10:25:33","date_gmt":"2018-09-12T09:25:33","guid":{"rendered":"http:\/\/mediocudeyo.es\/web\/?p=4379"},"modified":"2018-09-12T10:25:33","modified_gmt":"2018-09-12T09:25:33","slug":"en-zona-joven-2018","status":"publish","type":"post","link":"https:\/\/mediocudeyo.es\/web\/en-zona-joven-2018\/","title":{"rendered":"#EN ZONA JOVEN 2018"},"content":{"rendered":"<p><img fetchpriority=\"high\" decoding=\"async\" class=\"alignnone size-large wp-image-4386\" src=\"http:\/\/mediocudeyo.es\/web\/wp-content\/uploads\/2018\/09\/Cartel-En-zona-joven-definitivo-001-734x1024.jpg\" alt=\"\" width=\"474\" height=\"661\" \/>La concejal\u00eda de Educaci\u00f3n, Cultura y Juventud del Ayuntamiento de Medio Cudeyo organiza, con la colaboraci\u00f3n de la Direcci\u00f3n General de Juventud del Gobierno de Cantabria, las siguientes actividades en nuestro municipio. Si tienes entre 12 y 30 a\u00f1os inscr\u00edbete en <a href=\"http:\/\/www.jovenmania.com\/\">www.jovenmania.com<\/a><\/p>\n<p><img decoding=\"async\" class=\"alignnone size-large wp-image-4428\" src=\"http:\/\/mediocudeyo.es\/web\/wp-content\/uploads\/2018\/09\/Medio-Cudeyo-1024x1024.png\" alt=\"\" width=\"474\" height=\"474\" \/><\/p>\n<p>&nbsp;<\/p>\n<p>&nbsp;<\/p>\n","protected":false},"excerpt":{"rendered":"<p>La concejal\u00eda de Educaci\u00f3n, Cultura y Juventud del Ayuntamiento de Medio Cudeyo organiza, con la colaboraci\u00f3n de la Direcci\u00f3n General de Juventud del Gobierno de Cantabria, las siguientes actividades en [&hellip;]<\/p>\n","protected":false},"author":4,"featured_media":0,"comment_status":"closed","ping_status":"closed","sticky":false,"template":"","format":"standard","meta":{"footnotes":""},"categories":[59],"tags":[58,118,246],"class_list":["post-4379","post","type-post","status-publish","format-standard","hentry","category-cultura","tag-centro-cultural-ramon-pelayo","tag-cursos-y-talleres","tag-en-zona-joven"],"_links":{"self":[{"href":"https:\/\/mediocudeyo.es\/web\/wp-json\/wp\/v2\/posts\/4379"}],"collection":[{"href":"https:\/\/mediocudeyo.es\/web\/wp-json\/wp\/v2\/posts"}],"about":[{"href":"https:\/\/mediocudeyo.es\/web\/wp-json\/wp\/v2\/types\/post"}],"author":[{"embeddable":true,"href":"https:\/\/mediocudeyo.es\/web\/wp-json\/wp\/v2\/users\/4"}],"replies":[{"embeddable":true,"href":"https:\/\/mediocudeyo.es\/web\/wp-json\/wp\/v2\/comments?post=4379"}],"version-history":[{"count":0,"href":"https:\/\/mediocudeyo.es\/web\/wp-json\/wp\/v2\/posts\/4379\/revisions"}],"wp:attachment":[{"href":"https:\/\/mediocudeyo.es\/web\/wp-json\/wp\/v2\/media?parent=4379"}],"wp:term":[{"taxonomy":"category","embeddable":true,"href":"https:\/\/mediocudeyo.es\/web\/wp-json\/wp\/v2\/categories?post=4379"},{"taxonomy":"post_tag","embeddable":true,"href":"https:\/\/mediocudeyo.es\/web\/wp-json\/wp\/v2\/tags?post=4379"}],"curies":[{"name":"wp","href":"https:\/\/api.w.org\/{rel}","templated":true}]}}