{"id":4443,"date":"2018-10-11T00:00:21","date_gmt":"2018-10-10T23:00:21","guid":{"rendered":"http:\/\/mediocudeyo.es\/web\/?p=4443"},"modified":"2018-10-11T00:00:21","modified_gmt":"2018-10-10T23:00:21","slug":"taller-de-robotica-2018-2019","status":"publish","type":"post","link":"https:\/\/mediocudeyo.es\/web\/taller-de-robotica-2018-2019\/","title":{"rendered":"TALLER DE ROB\u00d3TICA 2018-2019"},"content":{"rendered":"<p><img fetchpriority=\"high\" decoding=\"async\" class=\"alignnone size-large wp-image-4444\" src=\"http:\/\/mediocudeyo.es\/web\/wp-content\/uploads\/2018\/09\/Curso-Rob\u00f3tica-2-487x1024.jpg\" alt=\"\" width=\"474\" height=\"997\" \/><strong>TALLER DE ROB\u00d3TICA MEDIO CUDEYO 2018-2019<\/strong><\/p>\n<p>MATR\u00cdCULAS<\/p>\n<p>Del 1 al 31 de octubre en el P.I.M. del Centro Cultural Ram\u00f3n Pelayo (Solares).<!--more--><\/p>\n<p>Documentaci\u00f3n:<\/p>\n<p>a. Copia D.N.I. en vigor.<br \/>\nb. Ficha de terceros (en el caso de pago fraccionado)<br \/>\nc. Justificante del pago de matr\u00edcula (en el caso de pago al contado)<br \/>\n\u00danicamente aquellos alumnos que hayan entregado la documentaci\u00f3n en tiempo y forma ser\u00e1n considerados matriculados.<\/p>\n<p>DURACI\u00d3N<\/p>\n<p>El taller se llevar\u00e1 a cabo desde el mes de noviembre de 2018 al mes de junio de 2019.<\/p>\n<p>HORARIO<\/p>\n<p>6-9 A\u00d1OS: Viernes de 19:00 a 20:30 h.<\/p>\n<p>10-16 A\u00d1OS: Viernes de 17:30 a 19:00 h.<\/p>\n<p>PRECIO<\/p>\n<p>El taller tendr\u00e1 un coste de 40\u20ac al mes.<\/p>\n<p>GESTI\u00d3N Y FORMA DE PAGO<\/p>\n<p>a) CONTADO, en un pago \u00fanico.<\/p>\n<p>Dicho importe ser\u00e1 ingresado en la Caja Municipal o entidad financiera correspondiente y el justificante del pago se adjuntar\u00e1 a la documentaci\u00f3n necesaria para la matriculaci\u00f3n, sin cuyo requisito no se realizar\u00e1 \u00e9sta.<\/p>\n<p>b) FRACCIONADO, pago mensual.<\/p>\n<p>El cobro de estos pagos fraccionados se realizar\u00e1 mediante recibo girado desde el Ayuntamiento a la cuenta aportada en la ficha de terceros.<\/p>\n<p>En caso de suspensi\u00f3n de las clases por enfermedad del profesorado u otros motivos, se notificar\u00e1 mediante cartel en el Tabl\u00f3n de Anuncios del Centro Cultural. La elecci\u00f3n del d\u00eda de recuperaci\u00f3n de la clase queda sujeta al acuerdo entre profesor\/a y alumnado.<br \/>\nEs responsabilidad del alumnado el cuidado y mantenimiento de los materiales que se pongan a su disposici\u00f3n, as\u00ed como de sus enseres personales.<\/p>\n","protected":false},"excerpt":{"rendered":"<p>TALLER DE ROB\u00d3TICA MEDIO CUDEYO 2018-2019 MATR\u00cdCULAS Del 1 al 31 de octubre en el P.I.M. del Centro Cultural Ram\u00f3n Pelayo (Solares).<\/p>\n","protected":false},"author":4,"featured_media":0,"comment_status":"closed","ping_status":"closed","sticky":false,"template":"","format":"standard","meta":{"footnotes":""},"categories":[59],"tags":[58,118,119],"class_list":["post-4443","post","type-post","status-publish","format-standard","hentry","category-cultura","tag-centro-cultural-ramon-pelayo","tag-cursos-y-talleres","tag-robotica"],"_links":{"self":[{"href":"https:\/\/mediocudeyo.es\/web\/wp-json\/wp\/v2\/posts\/4443"}],"collection":[{"href":"https:\/\/mediocudeyo.es\/web\/wp-json\/wp\/v2\/posts"}],"about":[{"href":"https:\/\/mediocudeyo.es\/web\/wp-json\/wp\/v2\/types\/post"}],"author":[{"embeddable":true,"href":"https:\/\/mediocudeyo.es\/web\/wp-json\/wp\/v2\/users\/4"}],"replies":[{"embeddable":true,"href":"https:\/\/mediocudeyo.es\/web\/wp-json\/wp\/v2\/comments?post=4443"}],"version-history":[{"count":0,"href":"https:\/\/mediocudeyo.es\/web\/wp-json\/wp\/v2\/posts\/4443\/revisions"}],"wp:attachment":[{"href":"https:\/\/mediocudeyo.es\/web\/wp-json\/wp\/v2\/media?parent=4443"}],"wp:term":[{"taxonomy":"category","embeddable":true,"href":"https:\/\/mediocudeyo.es\/web\/wp-json\/wp\/v2\/categories?post=4443"},{"taxonomy":"post_tag","embeddable":true,"href":"https:\/\/mediocudeyo.es\/web\/wp-json\/wp\/v2\/tags?post=4443"}],"curies":[{"name":"wp","href":"https:\/\/api.w.org\/{rel}","templated":true}]}}