{"id":4499,"date":"2018-09-26T12:51:12","date_gmt":"2018-09-26T11:51:12","guid":{"rendered":"http:\/\/mediocudeyo.es\/web\/?p=4499"},"modified":"2018-09-26T12:51:12","modified_gmt":"2018-09-26T11:51:12","slug":"proceso-seleccion-coordinadora-lanzadera-de-empleo","status":"publish","type":"post","link":"https:\/\/mediocudeyo.es\/web\/proceso-seleccion-coordinadora-lanzadera-de-empleo\/","title":{"rendered":"PROCESO SELECCI\u00d3N COORDINADOR\/A LANZADERA DE EMPLEO"},"content":{"rendered":"<p>El d\u00eda 26 de septiembre se abre plazo de presentaci\u00f3n de solicitudes para la contrataci\u00f3n de un\/a coordinador\/a del Programa Lanzadera de Empleo y Emprendimiento Solidario que se ha concedido por tercer a\u00f1o consecutivo al Ayuntamiento al amparo de la Orden HAC\/29\/2018.<\/p>\n<p>El plazo de presentaci\u00f3n de solicitudes permanecer\u00e1 abierto hasta el pr\u00f3ximo d\u00eda 9 de octubre.<\/p>\n<p>Las bases se pueden consultar en el apartado de Empleo P\u00fablico.<a href=\"http:\/\/mediocudeyo.es\/web\/wp-content\/uploads\/2018\/09\/Logo-Lanzaderas-Cantabria.png\" data-rel=\"lightbox-image-0\" data-rl_title=\"\" data-rl_caption=\"\" title=\"\"><img fetchpriority=\"high\" decoding=\"async\" class=\"alignnone size-medium wp-image-4500\" src=\"http:\/\/mediocudeyo.es\/web\/wp-content\/uploads\/2018\/09\/Logo-Lanzaderas-Cantabria-216x300.png\" alt=\"\" width=\"216\" height=\"300\" \/><\/a><\/p>\n","protected":false},"excerpt":{"rendered":"<p>El d\u00eda 26 de septiembre se abre plazo de presentaci\u00f3n de solicitudes para la contrataci\u00f3n de un\/a coordinador\/a del Programa Lanzadera de Empleo y Emprendimiento Solidario que se ha concedido [&hellip;]<\/p>\n","protected":false},"author":9,"featured_media":0,"comment_status":"closed","ping_status":"closed","sticky":false,"template":"","format":"standard","meta":{"footnotes":""},"categories":[33,40],"tags":[],"class_list":["post-4499","post","type-post","status-publish","format-standard","hentry","category-adl","category-empleo"],"_links":{"self":[{"href":"https:\/\/mediocudeyo.es\/web\/wp-json\/wp\/v2\/posts\/4499"}],"collection":[{"href":"https:\/\/mediocudeyo.es\/web\/wp-json\/wp\/v2\/posts"}],"about":[{"href":"https:\/\/mediocudeyo.es\/web\/wp-json\/wp\/v2\/types\/post"}],"author":[{"embeddable":true,"href":"https:\/\/mediocudeyo.es\/web\/wp-json\/wp\/v2\/users\/9"}],"replies":[{"embeddable":true,"href":"https:\/\/mediocudeyo.es\/web\/wp-json\/wp\/v2\/comments?post=4499"}],"version-history":[{"count":0,"href":"https:\/\/mediocudeyo.es\/web\/wp-json\/wp\/v2\/posts\/4499\/revisions"}],"wp:attachment":[{"href":"https:\/\/mediocudeyo.es\/web\/wp-json\/wp\/v2\/media?parent=4499"}],"wp:term":[{"taxonomy":"category","embeddable":true,"href":"https:\/\/mediocudeyo.es\/web\/wp-json\/wp\/v2\/categories?post=4499"},{"taxonomy":"post_tag","embeddable":true,"href":"https:\/\/mediocudeyo.es\/web\/wp-json\/wp\/v2\/tags?post=4499"}],"curies":[{"name":"wp","href":"https:\/\/api.w.org\/{rel}","templated":true}]}}