{"id":4627,"date":"2018-10-15T14:09:51","date_gmt":"2018-10-15T13:09:51","guid":{"rendered":"http:\/\/mediocudeyo.es\/web\/?p=4627"},"modified":"2018-10-15T14:09:51","modified_gmt":"2018-10-15T13:09:51","slug":"abracadabra","status":"publish","type":"post","link":"https:\/\/mediocudeyo.es\/web\/abracadabra\/","title":{"rendered":"ABRACADABRA!"},"content":{"rendered":"<p><img fetchpriority=\"high\" decoding=\"async\" class=\"alignnone size-full wp-image-4631\" src=\"http:\/\/mediocudeyo.es\/web\/wp-content\/uploads\/2018\/10\/Cartel.jpg\" alt=\"\" width=\"678\" height=\"960\" \/><\/p>\n<p>ABRACADABRA, Feria de Ilusionismo, se trata de una exposici\u00f3n itinerante de Magia que cuenta con m\u00faltiples objetos m\u00e1gicos. Utensilios de \u00abMagia de cerca\u00bb, \u00abMagia General\u00bb, \u00abRiesgo\u00bb, \u00abEscapismos\u00bb&#8230; a muy pocos cent\u00edmetros de ti.<br \/>\nAdem\u00e1s, contamos con la colecci\u00f3n privada de cartas de Xuso, con m\u00e1s de 50 ejemplares \u00fanicos; un bastidor en homenaje a HOUDINI con su camisa de fuerza y candados de la \u00e9poca, con carteles de sus grandes haza\u00f1as; bastidores llenos de ilusiones \u00f3ptica<span class=\"text_exposed_show\">s; colecci\u00f3n de cuadros de Harry Potter; photocall de Harry Potter y de Cabeza Parlante&#8230;<br \/>\nUn mont\u00f3n de objetos y actividades con las que entretenerte. Adem\u00e1s, durante la exposici\u00f3n, se realizar\u00e1n pases de Magia de Cerca en un carromato de los a\u00f1os 20 y cabe la posibilidad de realizar un show como colof\u00f3n de la actividad, por lo que ustedes al contratar este servicio tendr\u00edan todas las actividades para realizar un Festival de Magia Completo.<\/span><\/p>\n<div class=\"text_exposed_show\">\n<p>Domingo 21 de octubre en el CCRP (Solares)<br \/>\nExposici\u00f3n de 10:00h &#8211; 13:00h.<br \/>\nEspect\u00e1culo de 13:00h a 14:00h.Precio del espect\u00e1culo 1\u20ac<\/p>\n<p>Servicio de reserva y venta de entradas en el CCRP, tel. 942 522685<\/p>\n<\/div>\n","protected":false},"excerpt":{"rendered":"<p>ABRACADABRA, Feria de Ilusionismo, se trata de una exposici\u00f3n itinerante de Magia que cuenta con m\u00faltiples objetos m\u00e1gicos. Utensilios de \u00abMagia de cerca\u00bb, \u00abMagia General\u00bb, \u00abRiesgo\u00bb, \u00abEscapismos\u00bb&#8230; a muy pocos [&hellip;]<\/p>\n","protected":false},"author":4,"featured_media":0,"comment_status":"closed","ping_status":"closed","sticky":false,"template":"","format":"standard","meta":{"footnotes":""},"categories":[59],"tags":[58,82,91],"class_list":["post-4627","post","type-post","status-publish","format-standard","hentry","category-cultura","tag-centro-cultural-ramon-pelayo","tag-fusionarte","tag-magia"],"_links":{"self":[{"href":"https:\/\/mediocudeyo.es\/web\/wp-json\/wp\/v2\/posts\/4627"}],"collection":[{"href":"https:\/\/mediocudeyo.es\/web\/wp-json\/wp\/v2\/posts"}],"about":[{"href":"https:\/\/mediocudeyo.es\/web\/wp-json\/wp\/v2\/types\/post"}],"author":[{"embeddable":true,"href":"https:\/\/mediocudeyo.es\/web\/wp-json\/wp\/v2\/users\/4"}],"replies":[{"embeddable":true,"href":"https:\/\/mediocudeyo.es\/web\/wp-json\/wp\/v2\/comments?post=4627"}],"version-history":[{"count":0,"href":"https:\/\/mediocudeyo.es\/web\/wp-json\/wp\/v2\/posts\/4627\/revisions"}],"wp:attachment":[{"href":"https:\/\/mediocudeyo.es\/web\/wp-json\/wp\/v2\/media?parent=4627"}],"wp:term":[{"taxonomy":"category","embeddable":true,"href":"https:\/\/mediocudeyo.es\/web\/wp-json\/wp\/v2\/categories?post=4627"},{"taxonomy":"post_tag","embeddable":true,"href":"https:\/\/mediocudeyo.es\/web\/wp-json\/wp\/v2\/tags?post=4627"}],"curies":[{"name":"wp","href":"https:\/\/api.w.org\/{rel}","templated":true}]}}