{"id":4662,"date":"2018-10-19T15:09:29","date_gmt":"2018-10-19T14:09:29","guid":{"rendered":"http:\/\/mediocudeyo.es\/web\/?p=4662"},"modified":"2018-10-19T15:09:29","modified_gmt":"2018-10-19T14:09:29","slug":"al-aire-canta-y-baila-por-sabina","status":"publish","type":"post","link":"https:\/\/mediocudeyo.es\/web\/al-aire-canta-y-baila-por-sabina\/","title":{"rendered":"AL AIRE CANTA Y BAILA POR SABINA"},"content":{"rendered":"<p><img fetchpriority=\"high\" decoding=\"async\" class=\"alignnone size-large wp-image-4663\" src=\"http:\/\/mediocudeyo.es\/web\/wp-content\/uploads\/2018\/10\/Al-aire-canta-y-baila-por-sabina-CARTEL-724x1024.jpg\" alt=\"\" width=\"474\" height=\"670\" \/><\/p>\n<p>AL AIRE CANTA Y BAILA POR SABINA el pr\u00f3ximo viernes 26 de Octubre a las 20:30h. en el CCRP.<\/p>\n<p>La compa\u00f1\u00eda AL AIRE, tras el gran \u00e9xito de su espect\u00e1culo \u00ab24 Mujeres\u00bb, nos presenta otra propuesta innovadora, un homenaje al maestro Sabina desde el flamenco.<\/p>\n<p>En esta ocasi\u00f3n AL AIRE canta y baila por SABINA, contar\u00e1 con la voz de Alicia Garc\u00eda &amp; Jorge C\u00e1novas, Luc\u00eda Serrano al baile, Antonio Le\u00f3n a la guitarra, Dani Pe\u00f1a con la percusi\u00f3n y Pedro Hoyuelos al piano.<\/p>\n<div class=\"text_exposed_show\">\n<p>Sabina visto desde otro prisma. Un espect\u00e1culo que seguro llegar\u00e1 a los corazones de los Sabineros y de los flamencos.<\/p>\n<p>Reserva y venta de entradas en el Centro Cultual Ram\u00f3n Pelayo &#8211; 942 522685<br \/>\nPrecio de la entrada: 3\u20ac<\/p>\n<\/div>\n","protected":false},"excerpt":{"rendered":"<p>AL AIRE CANTA Y BAILA POR SABINA el pr\u00f3ximo viernes 26 de Octubre a las 20:30h. en el CCRP. La compa\u00f1\u00eda AL AIRE, tras el gran \u00e9xito de su espect\u00e1culo [&hellip;]<\/p>\n","protected":false},"author":4,"featured_media":0,"comment_status":"closed","ping_status":"closed","sticky":false,"template":"","format":"standard","meta":{"footnotes":""},"categories":[59],"tags":[58,90,146,82,160],"class_list":["post-4662","post","type-post","status-publish","format-standard","hentry","category-cultura","tag-centro-cultural-ramon-pelayo","tag-concierto","tag-danza","tag-fusionarte","tag-musica"],"_links":{"self":[{"href":"https:\/\/mediocudeyo.es\/web\/wp-json\/wp\/v2\/posts\/4662"}],"collection":[{"href":"https:\/\/mediocudeyo.es\/web\/wp-json\/wp\/v2\/posts"}],"about":[{"href":"https:\/\/mediocudeyo.es\/web\/wp-json\/wp\/v2\/types\/post"}],"author":[{"embeddable":true,"href":"https:\/\/mediocudeyo.es\/web\/wp-json\/wp\/v2\/users\/4"}],"replies":[{"embeddable":true,"href":"https:\/\/mediocudeyo.es\/web\/wp-json\/wp\/v2\/comments?post=4662"}],"version-history":[{"count":0,"href":"https:\/\/mediocudeyo.es\/web\/wp-json\/wp\/v2\/posts\/4662\/revisions"}],"wp:attachment":[{"href":"https:\/\/mediocudeyo.es\/web\/wp-json\/wp\/v2\/media?parent=4662"}],"wp:term":[{"taxonomy":"category","embeddable":true,"href":"https:\/\/mediocudeyo.es\/web\/wp-json\/wp\/v2\/categories?post=4662"},{"taxonomy":"post_tag","embeddable":true,"href":"https:\/\/mediocudeyo.es\/web\/wp-json\/wp\/v2\/tags?post=4662"}],"curies":[{"name":"wp","href":"https:\/\/api.w.org\/{rel}","templated":true}]}}