{"id":4711,"date":"2018-10-29T14:38:07","date_gmt":"2018-10-29T13:38:07","guid":{"rendered":"http:\/\/mediocudeyo.es\/web\/?p=4711"},"modified":"2018-10-29T14:38:07","modified_gmt":"2018-10-29T13:38:07","slug":"ayudas-a-la-educacion","status":"publish","type":"post","link":"https:\/\/mediocudeyo.es\/web\/ayudas-a-la-educacion\/","title":{"rendered":"AYUDAS A LA EDUCACI\u00d3N"},"content":{"rendered":"<p>El Ayuntamiento de Medio Cudeyo, a trav\u00e9s de la Concejal\u00eda de Educaci\u00f3n, destina una partida de 15.000 Euros para ayudas a la Educaci\u00f3n con las que se busca respaldar econ\u00f3micamente a las familias \u00a0que lo necesitan en las etapas de escolarizaci\u00f3n no obligatoria: Educaci\u00f3n Infantil, Formaci\u00f3n Profesional y Bachillerato; as\u00ed como contribuir en los gastos de transporte de los estudiantes universitarios.<\/p>\n<p>Estas ayudas junto con las partidas destinadas a colaborar con el Banco de Recursos y Materiales de los Centros Educativos suponen un importante apoyo a la Educaci\u00f3n desde el convencimiento de que es responsabilidad de toda la comunidad educativa, incluidas las Administraciones Locales, garantizar la equidad e igualdad de oportunidades de acceso a la educaci\u00f3n para lograr una Sociedad m\u00e1s igualitaria y libre.<\/p>\n<p><a href=\"https:\/\/boc.cantabria.es\/boces\/verAnuncioAction.do?idAnuBlob=331824\">https:\/\/boc.cantabria.es\/boces\/verAnuncioAction.do?idAnuBlob=331824<\/a><\/p>\n<p>&nbsp;<\/p>\n","protected":false},"excerpt":{"rendered":"<p>El Ayuntamiento de Medio Cudeyo, a trav\u00e9s de la Concejal\u00eda de Educaci\u00f3n, destina una partida de 15.000 Euros para ayudas a la Educaci\u00f3n con las que se busca respaldar econ\u00f3micamente [&hellip;]<\/p>\n","protected":false},"author":4,"featured_media":0,"comment_status":"closed","ping_status":"closed","sticky":false,"template":"","format":"standard","meta":{"footnotes":""},"categories":[59],"tags":[251,208,99],"class_list":["post-4711","post","type-post","status-publish","format-standard","hentry","category-cultura","tag-ayto-medio-cudeyo","tag-ayudas","tag-educacion"],"_links":{"self":[{"href":"https:\/\/mediocudeyo.es\/web\/wp-json\/wp\/v2\/posts\/4711"}],"collection":[{"href":"https:\/\/mediocudeyo.es\/web\/wp-json\/wp\/v2\/posts"}],"about":[{"href":"https:\/\/mediocudeyo.es\/web\/wp-json\/wp\/v2\/types\/post"}],"author":[{"embeddable":true,"href":"https:\/\/mediocudeyo.es\/web\/wp-json\/wp\/v2\/users\/4"}],"replies":[{"embeddable":true,"href":"https:\/\/mediocudeyo.es\/web\/wp-json\/wp\/v2\/comments?post=4711"}],"version-history":[{"count":0,"href":"https:\/\/mediocudeyo.es\/web\/wp-json\/wp\/v2\/posts\/4711\/revisions"}],"wp:attachment":[{"href":"https:\/\/mediocudeyo.es\/web\/wp-json\/wp\/v2\/media?parent=4711"}],"wp:term":[{"taxonomy":"category","embeddable":true,"href":"https:\/\/mediocudeyo.es\/web\/wp-json\/wp\/v2\/categories?post=4711"},{"taxonomy":"post_tag","embeddable":true,"href":"https:\/\/mediocudeyo.es\/web\/wp-json\/wp\/v2\/tags?post=4711"}],"curies":[{"name":"wp","href":"https:\/\/api.w.org\/{rel}","templated":true}]}}