{"id":4716,"date":"2018-10-29T20:21:52","date_gmt":"2018-10-29T19:21:52","guid":{"rendered":"http:\/\/mediocudeyo.es\/web\/?p=4716"},"modified":"2018-10-29T20:21:52","modified_gmt":"2018-10-29T19:21:52","slug":"filmoteca-oh-mammy-blue","status":"publish","type":"post","link":"https:\/\/mediocudeyo.es\/web\/filmoteca-oh-mammy-blue\/","title":{"rendered":"FILMOTECA: OH! MAMMY BLUE"},"content":{"rendered":"<p><img fetchpriority=\"high\" decoding=\"async\" class=\"alignnone size-large wp-image-4717\" src=\"http:\/\/mediocudeyo.es\/web\/wp-content\/uploads\/2018\/10\/OH-MAMMY-BLUE-724x1024.jpg\" alt=\"\" width=\"474\" height=\"670\" \/><\/p>\n<p>Lunes 5 de noviembre, 20:30 h.<\/p>\n<p>Centro Cultural Ram\u00f3n Pelayo (Solares)<\/p>\n<p>Precio \u00fanico 2,50\u20ac<!--more--><\/p>\n<p>T\u00edtulo original: Oh! Mammy Blue<\/p>\n<p>A\u00f1o: 2018<\/p>\n<p>Duraci\u00f3n: 90 min.<\/p>\n<p>Pa\u00eds: <span id=\"country-img\"><img decoding=\"async\" title=\"Espa\u00f1a\" src=\"https:\/\/www.filmaffinity.com\/imgs\/countries\/ES.jpg\" alt=\"Espa\u00f1a\" \/><\/span>\u00a0Espa\u00f1a<\/p>\n<p><label class=\"mcu-text-details-text-b\">Calificaci\u00f3n:<\/label><\/p>\n<p><label class=\"custom-simple-label\">NO RECOMENDADA PARA MENORES DE DIECIS\u00c9IS A\u00d1OS\u00a0<\/label><\/p>\n<p>Direcci\u00f3n:\u00a0<span class=\"director\"> Antonio Hens <\/span><\/p>\n<p>Guion: <span class=\"nb\">Julio Carrillo,<\/span> <span class=\"nb\">Antonio Hens,<\/span> <span class=\"nb\">Patricia Roda,<\/span> <span class=\"nb\">Antonio \u00c1lamo<\/span><\/p>\n<p>M\u00fasica: <span class=\"nb\">Nacho Mastretta<\/span><\/p>\n<p>Fotograf\u00eda: <span class=\"nb\">Alfonso Sanz<\/span><\/p>\n<p>Reparto:\u00a0<span class=\"cast\"> Carmen Maura, <\/span> <span class=\"cast\"> Ram\u00f3n Barea, <\/span> <span class=\"cast\"> Mar\u00eda Pujalte, <\/span> <span class=\"cast\"> Mar\u00eda Jos\u00e9 Alfonso, <\/span> <span class=\"cast\"> Milton Garc\u00eda, <\/span> <span class=\"cast\"> Antonio Molero, <\/span> <span class=\"cast\"> Nagore Aranburu, <\/span> <span class=\"cast\"> Itziar Aizpuru, <\/span> <span class=\"cast\"> Carlo d&#8217;Ursi, <\/span> <span class=\"cast\"> Phil Trim, <\/span> <span class=\"cast\"> Arlette Torres, <\/span> <span class=\"cast\"> Emilio Buale.<\/span><\/p>\n<p>Productora: <span class=\"nb\">Coproducci\u00f3n Espa\u00f1a-Venezuela-Alemania; Malas Compa\u00f1\u00edas P.C. S.L \/ Media Luna New Films \/ Plenilunio Film,<\/span> <span class=\"nb\">Arts \/ Canal Sur Televisi\u00f3n<\/span><\/p>\n<p>G\u00e9nero:Comedia | M\u00fasica. Vejez.<\/p>\n<p>Sinopsis: Laura es una legendaria cantante de rock espa\u00f1ol que arruin\u00f3 su carrera y ahora vive en una casa de ancianos. All\u00ed trata de animar a sus compa\u00f1eros formando una banda folk ante las reticencias de Marta, la directora del centro. De repente, Laura recibe la visita de un nieto desconocido, Jaime, quien le pide que le ense\u00f1e c\u00f3mo ser un m\u00fasico de rock. Ella decide ayudarle e incluso le escribir\u00e1 una canci\u00f3n para usar en un concurso de rock. Pero para participar deber\u00e1n componer una banda, y Laura lleva mucho tiempo retirada\u2026<\/p>\n<p><strong>PROYECCI\u00d3N PREVIA:<\/strong><\/p>\n<p><strong>Desde la Consejer\u00eda de Educaci\u00f3n, Cultura y Deporte del Gobierno de Cantabria \u00a0se est\u00e1n desarrollando por toda la regi\u00f3n,\u00a0diferentes propuestas culturales para la ciudadan\u00eda con motivo del A\u00f1o Europeo del Patrimonio Cultural 2018.<\/strong><\/p>\n<p><strong>\u00a0<\/strong><strong>\u2013 T\u00edtulo:\u00a0<em>\u201dSustento\u201d<\/em>\u00a0<\/strong><\/p>\n<p><strong>\u2013 Duraci\u00f3n: 15 min<\/strong><\/p>\n<p><strong>\u00a0<\/strong><strong>\u2013 Sinopsis:<\/strong><\/p>\n<p><strong><em>\u201dSustento\u201d<\/em><\/strong><strong>\u00a0es un ensayo audiovisual centrado en explorar las din\u00e1micas territoriales y los modelos de desarrollo cambiantes de la comarca de Li\u00e9bana. En este valle se superponen los procesos de modernizaci\u00f3n y la permanencia de modelos de gesti\u00f3n comunal vern\u00e1cula. El proyecto se detiene en plantear un imaginario que abarca desde la econom\u00eda tradicional de subsistencia o el auge y la ca\u00edda del sector l\u00e1cteo, hasta la primac\u00eda del turismo en la que desembocan las visiones id\u00edlicas y \u00e9picas de Picos de Europa. Mientras asistimos a un proceso de despoblaci\u00f3n y envejecimiento, sus pueblos albergan iniciativas de regeneraci\u00f3n e inquietud por un modelo que permita la sostenibilidad del territorio.<\/strong><\/p>\n<p><strong>\u2013 Proyecto:\u00a0<\/strong><\/p>\n<p><strong>INLAND (Campo Adentro) es una organizaci\u00f3n iniciada en 2009 que trabaja sobre el g\u00e9nero del paisaje en relaci\u00f3n al estudio del contexto local, generando intervenciones sobre el territorio, las econom\u00edas y ciertos imaginarios colectivos como la construcci\u00f3n cultural de la monta\u00f1a o la posibilidad de otros futuros.\u00a0<\/strong><\/p>\n<p><strong>Para esta itinerancia espec\u00edfica, INLAND es acogido por fluent como para-instituci\u00f3n centrada en explorar la Li\u00e9bana. Tras una primera fase atendiendo a diversas referencias hist\u00f3ricas y a las visiones actuales de sus habitantes, se produce \u201d<em>Sustento<\/em>\u201d, un ensayo audiovisual que atiende a las problem\u00e1ticas e ideas que se plantean sobre la comarca.\u00a0<\/strong><\/p>\n<p>&nbsp;<\/p>\n<p>&nbsp;<\/p>\n<p>&nbsp;<\/p>\n","protected":false},"excerpt":{"rendered":"<p>Lunes 5 de noviembre, 20:30 h. Centro Cultural Ram\u00f3n Pelayo (Solares) Precio \u00fanico 2,50\u20ac<\/p>\n","protected":false},"author":4,"featured_media":0,"comment_status":"closed","ping_status":"closed","sticky":false,"template":"","format":"standard","meta":{"footnotes":""},"categories":[59],"tags":[58,116,117],"class_list":["post-4716","post","type-post","status-publish","format-standard","hentry","category-cultura","tag-centro-cultural-ramon-pelayo","tag-cine","tag-filmoteca"],"_links":{"self":[{"href":"https:\/\/mediocudeyo.es\/web\/wp-json\/wp\/v2\/posts\/4716"}],"collection":[{"href":"https:\/\/mediocudeyo.es\/web\/wp-json\/wp\/v2\/posts"}],"about":[{"href":"https:\/\/mediocudeyo.es\/web\/wp-json\/wp\/v2\/types\/post"}],"author":[{"embeddable":true,"href":"https:\/\/mediocudeyo.es\/web\/wp-json\/wp\/v2\/users\/4"}],"replies":[{"embeddable":true,"href":"https:\/\/mediocudeyo.es\/web\/wp-json\/wp\/v2\/comments?post=4716"}],"version-history":[{"count":0,"href":"https:\/\/mediocudeyo.es\/web\/wp-json\/wp\/v2\/posts\/4716\/revisions"}],"wp:attachment":[{"href":"https:\/\/mediocudeyo.es\/web\/wp-json\/wp\/v2\/media?parent=4716"}],"wp:term":[{"taxonomy":"category","embeddable":true,"href":"https:\/\/mediocudeyo.es\/web\/wp-json\/wp\/v2\/categories?post=4716"},{"taxonomy":"post_tag","embeddable":true,"href":"https:\/\/mediocudeyo.es\/web\/wp-json\/wp\/v2\/tags?post=4716"}],"curies":[{"name":"wp","href":"https:\/\/api.w.org\/{rel}","templated":true}]}}