{"id":4725,"date":"2018-10-30T16:49:39","date_gmt":"2018-10-30T15:49:39","guid":{"rendered":"http:\/\/mediocudeyo.es\/web\/?p=4725"},"modified":"2018-10-30T16:49:39","modified_gmt":"2018-10-30T15:49:39","slug":"contra-el-maltrato-buen-trato","status":"publish","type":"post","link":"https:\/\/mediocudeyo.es\/web\/contra-el-maltrato-buen-trato\/","title":{"rendered":"CONTRA EL MALTRATO + BUEN TRATO"},"content":{"rendered":"<p><img fetchpriority=\"high\" decoding=\"async\" class=\"alignnone size-large wp-image-4726\" src=\"http:\/\/mediocudeyo.es\/web\/wp-content\/uploads\/2018\/10\/buen-trato-noviembre-724x1024.jpg\" alt=\"\" width=\"474\" height=\"670\" \/><\/p>\n<p>Contra el maltrato + Buen Trato<\/p>\n<p>Durante este mes ser\u00e1n distintas las iniciativas que desde la Concejal\u00eda de Bienestar Social, Igualdad y Participaci\u00f3n Ciudadana y la Concejal\u00eda de Educaci\u00f3n, Cultura y Juventud se van a llevar a cabo contra la violencia machista: m\u00fasica, teatro, conferencias, talleres, intervenciones comunitarias&#8230;<!--more--><\/p>\n<p>Todas ellas con un objetivo com\u00fan \u201c El buen trato como proyecto de vida\u201d; dice Fina Sanz ( psic\u00f3loga, sex\u00f3loga, pedagoga y escritora) que las relaciones en la cultura patriarcal se basan en el poder y el maltrato y propone un modelo de convivencia desde el \u201cbuen trato\u201d.<\/p>\n<p>Nos sumamos a esa idea y comenzamos&#8230; Atent@s a nuestra difusi\u00f3n!!<\/p>\n<p>&nbsp;<\/p>\n","protected":false},"excerpt":{"rendered":"<p>Contra el maltrato + Buen Trato Durante este mes ser\u00e1n distintas las iniciativas que desde la Concejal\u00eda de Bienestar Social, Igualdad y Participaci\u00f3n Ciudadana y la Concejal\u00eda de Educaci\u00f3n, Cultura [&hellip;]<\/p>\n","protected":false},"author":4,"featured_media":0,"comment_status":"closed","ping_status":"closed","sticky":false,"template":"","format":"standard","meta":{"footnotes":""},"categories":[59],"tags":[],"class_list":["post-4725","post","type-post","status-publish","format-standard","hentry","category-cultura"],"_links":{"self":[{"href":"https:\/\/mediocudeyo.es\/web\/wp-json\/wp\/v2\/posts\/4725"}],"collection":[{"href":"https:\/\/mediocudeyo.es\/web\/wp-json\/wp\/v2\/posts"}],"about":[{"href":"https:\/\/mediocudeyo.es\/web\/wp-json\/wp\/v2\/types\/post"}],"author":[{"embeddable":true,"href":"https:\/\/mediocudeyo.es\/web\/wp-json\/wp\/v2\/users\/4"}],"replies":[{"embeddable":true,"href":"https:\/\/mediocudeyo.es\/web\/wp-json\/wp\/v2\/comments?post=4725"}],"version-history":[{"count":0,"href":"https:\/\/mediocudeyo.es\/web\/wp-json\/wp\/v2\/posts\/4725\/revisions"}],"wp:attachment":[{"href":"https:\/\/mediocudeyo.es\/web\/wp-json\/wp\/v2\/media?parent=4725"}],"wp:term":[{"taxonomy":"category","embeddable":true,"href":"https:\/\/mediocudeyo.es\/web\/wp-json\/wp\/v2\/categories?post=4725"},{"taxonomy":"post_tag","embeddable":true,"href":"https:\/\/mediocudeyo.es\/web\/wp-json\/wp\/v2\/tags?post=4725"}],"curies":[{"name":"wp","href":"https:\/\/api.w.org\/{rel}","templated":true}]}}