{"id":4733,"date":"2018-10-30T18:45:08","date_gmt":"2018-10-30T17:45:08","guid":{"rendered":"http:\/\/mediocudeyo.es\/web\/?p=4733"},"modified":"2018-10-30T18:45:08","modified_gmt":"2018-10-30T17:45:08","slug":"bolsa-de-trabajo-temporal-tecnic-superior-de-educacion-infantil","status":"publish","type":"post","link":"https:\/\/mediocudeyo.es\/web\/bolsa-de-trabajo-temporal-tecnic-superior-de-educacion-infantil\/","title":{"rendered":"BOLSA DE TRABAJO TEMPORAL  T\u00c9CNIC@ SUPERIOR DE EDUCACI\u00d3N INFANTIL"},"content":{"rendered":"<p>Abierta bolsa de trabajo temporal para sustituciones de T\u00e9cnic@ Superior de Educaci\u00f3n Infantil en el CEIP Marqu\u00e9s de Valdecilla. Finaliza el plazo de presentaci\u00f3n el 9 de noviembre.<\/p>\n<p><a href=\"https:\/\/boc.cantabria.es\/boces\/verAnuncioAction.do?idAnuBlob=331911&amp;fbclid=IwAR0vr2oL-2GWK4ctDa0MdYD35SIQY1LHS1tso03kHZ5-ny-SVQ1M3E6ECRM\">boc.cantabria.es<\/a><\/p>\n","protected":false},"excerpt":{"rendered":"<p>Abierta bolsa de trabajo temporal para sustituciones de T\u00e9cnic@ Superior de Educaci\u00f3n Infantil en el CEIP Marqu\u00e9s de Valdecilla. Finaliza el plazo de presentaci\u00f3n el 9 de noviembre. boc.cantabria.es<\/p>\n","protected":false},"author":4,"featured_media":0,"comment_status":"closed","ping_status":"closed","sticky":false,"template":"","format":"standard","meta":{"footnotes":""},"categories":[59],"tags":[],"class_list":["post-4733","post","type-post","status-publish","format-standard","hentry","category-cultura"],"_links":{"self":[{"href":"https:\/\/mediocudeyo.es\/web\/wp-json\/wp\/v2\/posts\/4733"}],"collection":[{"href":"https:\/\/mediocudeyo.es\/web\/wp-json\/wp\/v2\/posts"}],"about":[{"href":"https:\/\/mediocudeyo.es\/web\/wp-json\/wp\/v2\/types\/post"}],"author":[{"embeddable":true,"href":"https:\/\/mediocudeyo.es\/web\/wp-json\/wp\/v2\/users\/4"}],"replies":[{"embeddable":true,"href":"https:\/\/mediocudeyo.es\/web\/wp-json\/wp\/v2\/comments?post=4733"}],"version-history":[{"count":0,"href":"https:\/\/mediocudeyo.es\/web\/wp-json\/wp\/v2\/posts\/4733\/revisions"}],"wp:attachment":[{"href":"https:\/\/mediocudeyo.es\/web\/wp-json\/wp\/v2\/media?parent=4733"}],"wp:term":[{"taxonomy":"category","embeddable":true,"href":"https:\/\/mediocudeyo.es\/web\/wp-json\/wp\/v2\/categories?post=4733"},{"taxonomy":"post_tag","embeddable":true,"href":"https:\/\/mediocudeyo.es\/web\/wp-json\/wp\/v2\/tags?post=4733"}],"curies":[{"name":"wp","href":"https:\/\/api.w.org\/{rel}","templated":true}]}}