{"id":4797,"date":"2018-11-09T12:47:32","date_gmt":"2018-11-09T11:47:32","guid":{"rendered":"http:\/\/mediocudeyo.es\/web\/?p=4797"},"modified":"2018-11-09T12:47:32","modified_gmt":"2018-11-09T11:47:32","slug":"cuentos-violetas-talleres-por-la-igualdad-de-genero","status":"publish","type":"post","link":"https:\/\/mediocudeyo.es\/web\/cuentos-violetas-talleres-por-la-igualdad-de-genero\/","title":{"rendered":"CUENTOS VIOLETAS (TALLERES POR LA IGUALDAD DE G\u00c9NERO)"},"content":{"rendered":"<p><img fetchpriority=\"high\" decoding=\"async\" class=\"alignnone size-large wp-image-4726\" src=\"http:\/\/mediocudeyo.es\/web\/wp-content\/uploads\/2018\/10\/buen-trato-noviembre-724x1024.jpg\" alt=\"\" width=\"474\" height=\"670\" \/><\/p>\n<p>S\u00e1bados 17 y 24 de noviembre, infantil 11:00 h. primaria 12:00 h.<\/p>\n<p>Inscripci\u00f3n gratuita en el Pto. Inf. Mcpal. del Centro Cultural Ram\u00f3n Pelayo (Solares), tel. 942522685<\/p>\n<p>Plazas limitadas.<\/p>\n","protected":false},"excerpt":{"rendered":"<p>S\u00e1bados 17 y 24 de noviembre, infantil 11:00 h. primaria 12:00 h. Inscripci\u00f3n gratuita en el Pto. Inf. Mcpal. del Centro Cultural Ram\u00f3n Pelayo (Solares), tel. 942522685 Plazas limitadas.<\/p>\n","protected":false},"author":4,"featured_media":0,"comment_status":"closed","ping_status":"closed","sticky":false,"template":"","format":"standard","meta":{"footnotes":""},"categories":[59],"tags":[58,118,68],"class_list":["post-4797","post","type-post","status-publish","format-standard","hentry","category-cultura","tag-centro-cultural-ramon-pelayo","tag-cursos-y-talleres","tag-igualdad"],"_links":{"self":[{"href":"https:\/\/mediocudeyo.es\/web\/wp-json\/wp\/v2\/posts\/4797"}],"collection":[{"href":"https:\/\/mediocudeyo.es\/web\/wp-json\/wp\/v2\/posts"}],"about":[{"href":"https:\/\/mediocudeyo.es\/web\/wp-json\/wp\/v2\/types\/post"}],"author":[{"embeddable":true,"href":"https:\/\/mediocudeyo.es\/web\/wp-json\/wp\/v2\/users\/4"}],"replies":[{"embeddable":true,"href":"https:\/\/mediocudeyo.es\/web\/wp-json\/wp\/v2\/comments?post=4797"}],"version-history":[{"count":0,"href":"https:\/\/mediocudeyo.es\/web\/wp-json\/wp\/v2\/posts\/4797\/revisions"}],"wp:attachment":[{"href":"https:\/\/mediocudeyo.es\/web\/wp-json\/wp\/v2\/media?parent=4797"}],"wp:term":[{"taxonomy":"category","embeddable":true,"href":"https:\/\/mediocudeyo.es\/web\/wp-json\/wp\/v2\/categories?post=4797"},{"taxonomy":"post_tag","embeddable":true,"href":"https:\/\/mediocudeyo.es\/web\/wp-json\/wp\/v2\/tags?post=4797"}],"curies":[{"name":"wp","href":"https:\/\/api.w.org\/{rel}","templated":true}]}}