{"id":4854,"date":"2018-11-16T21:00:32","date_gmt":"2018-11-16T20:00:32","guid":{"rendered":"http:\/\/mediocudeyo.es\/web\/?p=4854"},"modified":"2018-11-16T21:00:32","modified_gmt":"2018-11-16T20:00:32","slug":"ines-fonseca-elas-generacion-del-27","status":"publish","type":"post","link":"https:\/\/mediocudeyo.es\/web\/ines-fonseca-elas-generacion-del-27\/","title":{"rendered":"IN\u00c9S FONSECA: ELLAS, GENERACI\u00d3N DEL 27"},"content":{"rendered":"<p><img fetchpriority=\"high\" decoding=\"async\" class=\"alignnone size-large wp-image-4726\" src=\"http:\/\/mediocudeyo.es\/web\/wp-content\/uploads\/2018\/10\/buen-trato-noviembre-724x1024.jpg\" alt=\"\" width=\"474\" height=\"670\" \/><\/p>\n<p>Viernes 23 de noviembre, 20:30 h.<\/p>\n<p>Precio: 3\u20ac<\/p>\n<p>Reserva y venta de entradas en el Pto. Inf. Mcpal. del CCRP (Solares), tel. 942522685<!--more--><\/p>\n<p><img decoding=\"async\" class=\"size-large wp-image-4855\" src=\"http:\/\/mediocudeyo.es\/web\/wp-content\/uploads\/2018\/11\/DSC00425-2-copia-1024x686.jpg\" alt=\"\" width=\"474\" height=\"318\" \/><\/p>\n<p>Once canciones basadas en los poemas de diez mujeres poetas de la Generaci\u00f3n del 27. Las m\u00e1s relevantes.<\/p>\n<p>Este concierto es un homenaje a las mujeres dela Generaci\u00f3n del 27 (las sin sombrero).<\/p>\n<p>En el a\u00f1o 2007 y con motivo del 75 Aniversario de la Generaci\u00f3n, In\u00e9s Fonseca produjo \u201cLa Generaci\u00f3n\u00a0 del\u00a0 27 (las sin sombrero), un libro. Cd con los poetas hasta entonces conocidos y reconocidos a nivel internacional: Alberti, Guill\u00e9n, Vicente Aleixandre, Gerardo Diego, Federico Garc\u00eda Lorca, Emilio Prados, Luis Cernuda, Pedro Salinas y otros, que conformaban lo que vino siendo la antolog\u00eda por excelencia de la Generaci\u00f3n del 27. Entonces, a\u00fan no se conoc\u00eda la existencia de las mujeres que compartieron con ellos los sue\u00f1os literarios y los acontecimientos sociales y culturales.<\/p>\n<p>Desde hace una d\u00e9cada estas mujeres han ido saliendo\u00a0 a la luz,. Ellas, su poes\u00eda y su arte, han dado un vuelco a lo que hasta entonces conoc\u00edamos como Generaci\u00f3n del 27.<\/p>\n<p>Con este concierto, todas las mujeres se ven representadas y encuentran en estas coces las referencias femeninas que antes se hab\u00edan ocultado. Poemas cantados y arreglados para dar visibilidad y justicia a una parte de la historia de la cultura espa\u00f1ola no contada.<\/p>\n<p>Se estren\u00f3 el d\u00eda 8 de marzo de 2017, D\u00eda Internacional de la Mujer, en el Centro de la Fundaci\u00f3n Generaci\u00f3n del 27 en M\u00e1laga.<\/p>\n","protected":false},"excerpt":{"rendered":"<p>Viernes 23 de noviembre, 20:30 h. Precio: 3\u20ac Reserva y venta de entradas en el Pto. Inf. Mcpal. del CCRP (Solares), tel. 942522685<\/p>\n","protected":false},"author":4,"featured_media":0,"comment_status":"closed","ping_status":"closed","sticky":false,"template":"","format":"standard","meta":{"footnotes":""},"categories":[59],"tags":[58,179,82,68,160],"class_list":["post-4854","post","type-post","status-publish","format-standard","hentry","category-cultura","tag-centro-cultural-ramon-pelayo","tag-enredarte","tag-fusionarte","tag-igualdad","tag-musica"],"_links":{"self":[{"href":"https:\/\/mediocudeyo.es\/web\/wp-json\/wp\/v2\/posts\/4854"}],"collection":[{"href":"https:\/\/mediocudeyo.es\/web\/wp-json\/wp\/v2\/posts"}],"about":[{"href":"https:\/\/mediocudeyo.es\/web\/wp-json\/wp\/v2\/types\/post"}],"author":[{"embeddable":true,"href":"https:\/\/mediocudeyo.es\/web\/wp-json\/wp\/v2\/users\/4"}],"replies":[{"embeddable":true,"href":"https:\/\/mediocudeyo.es\/web\/wp-json\/wp\/v2\/comments?post=4854"}],"version-history":[{"count":0,"href":"https:\/\/mediocudeyo.es\/web\/wp-json\/wp\/v2\/posts\/4854\/revisions"}],"wp:attachment":[{"href":"https:\/\/mediocudeyo.es\/web\/wp-json\/wp\/v2\/media?parent=4854"}],"wp:term":[{"taxonomy":"category","embeddable":true,"href":"https:\/\/mediocudeyo.es\/web\/wp-json\/wp\/v2\/categories?post=4854"},{"taxonomy":"post_tag","embeddable":true,"href":"https:\/\/mediocudeyo.es\/web\/wp-json\/wp\/v2\/tags?post=4854"}],"curies":[{"name":"wp","href":"https:\/\/api.w.org\/{rel}","templated":true}]}}