{"id":4893,"date":"2018-11-20T09:32:22","date_gmt":"2018-11-20T08:32:22","guid":{"rendered":"http:\/\/mediocudeyo.es\/web\/?p=4893"},"modified":"2018-11-20T09:32:22","modified_gmt":"2018-11-20T08:32:22","slug":"filmoteca-chavela","status":"publish","type":"post","link":"https:\/\/mediocudeyo.es\/web\/filmoteca-chavela\/","title":{"rendered":"FILMOTECA: CHAVELA"},"content":{"rendered":"<p><img fetchpriority=\"high\" decoding=\"async\" class=\"alignnone size-full wp-image-4894\" src=\"http:\/\/mediocudeyo.es\/web\/wp-content\/uploads\/2018\/11\/chavela-180583669-large.jpg\" alt=\"\" width=\"600\" height=\"900\" \/><\/p>\n<p>Lunes 26 de noviembre, 20:30 h.<\/p>\n<p>Centro Cultural Ram\u00f3n Pelayo (Solares)<\/p>\n<p>Precio \u00fanico: 2,50\u20ac<!--more--><\/p>\n<p>T\u00edtulo original: Chavela<\/p>\n<p>A\u00f1o: 2017<\/p>\n<p>Duraci\u00f3n: 90 min.<\/p>\n<p>Pa\u00eds: <span id=\"country-img\"><img decoding=\"async\" title=\"Estados Unidos\" src=\"https:\/\/www.filmaffinity.com\/imgs\/countries\/US.jpg\" alt=\"Estados Unidos\" \/><\/span>\u00a0Estados Unidos<\/p>\n<div class=\"product-details-content  margin-bottom-5\"><label class=\"mcu-text-details-text-b\">Calificaci\u00f3n:<\/label> <label class=\"custom-simple-label\">NO RECOMENDADA PARA MENORES DE SIETE A\u00d1OS <\/label><\/div>\n<div><\/div>\n<p>Direcci\u00f3n:\u00a0<span class=\"director\"> Catherine Gund, <\/span> <span class=\"director\"> Daresha Kyi<\/span><\/p>\n<p>M\u00fasica: <span class=\"nb\">Gil Talmi<\/span><\/p>\n<p>Fotograf\u00eda: <span class=\"nb\">Natalia Cuevas,<\/span> <span class=\"nb\">Catherine Gund,<\/span> <span class=\"nb\">Paula Guti\u00e9rrez Orio<\/span><\/p>\n<p>Reparto:<span class=\"cast\"> Documentary, <\/span> <span class=\"cast\"> Chavela Vargas, <\/span> <span class=\"cast\"> Pedro Almod\u00f3var, <\/span> <span class=\"cast\"> Elena Benarroch, <\/span> <span class=\"cast\"> Miguel Bos\u00e9, <\/span> <span class=\"cast\"> Jose Alfredo Jimenez Jr., <\/span> <span class=\"cast\"> Alicia Elena P\u00e9rez Duarte, <\/span> <span class=\"cast\"> Liliana Felipe, <\/span> <span class=\"cast\"> Martirio, <\/span> <span class=\"cast\"> Patria Jim\u00e9nez Flores, <\/span> <span class=\"cast\"> Laura Garc\u00eda-Lorca, <\/span> <span class=\"cast\"> Mariana Gyalui, <\/span> <span class=\"cast\"> Eugenia Le\u00f3n, <\/span> <span class=\"cast\"> Tania Libertad, <\/span> <span class=\"cast\"> Diana Ortega, <\/span> <span class=\"cast\"> Tlany Ortega, <\/span> <span class=\"cast\"> Jesusa Rodr\u00edguez, <\/span> <span class=\"cast\"> Marcela Rodr\u00edguez<\/span><\/p>\n<p>Productora: <span class=\"nb\">Coproducci\u00f3n Estados Unidos-M\u00e9xico-Espa\u00f1a; Aubin Pictures<\/span><\/p>\n<p>G\u00e9nero: Documental | Documental sobre m\u00fasica<\/p>\n<p>Sinopsis: La cantante Chavela Vargas gan\u00f3 un nombre por s\u00ed misma primero en M\u00e9xico y m\u00e1s tarde en todo el mundo principalmente por su interpretaci\u00f3n de rancheras tradicionales. Estas canciones eran compuestas principalmente por hombres y en su mayor\u00eda hablaban de amor no correspondido por las mujeres, el cansancio del mundo y la soledad. Chavela las interpretaba con su propia ritmo y su voz \u00e1spera y vulnerable. El material in\u00e9dito de esta pel\u00edcula, as\u00ed como las entrevistas con la propia Chavela y sus contempor\u00e1neos, colegas y parejas, han dado como resultado un cari\u00f1oso retrato de una artista carism\u00e1tica y excepcional, que fue abiertamente lesbiana a lo largo de su vida.<\/p>\n<p>&nbsp;<\/p>\n","protected":false},"excerpt":{"rendered":"<p>Lunes 26 de noviembre, 20:30 h. Centro Cultural Ram\u00f3n Pelayo (Solares) Precio \u00fanico: 2,50\u20ac<\/p>\n","protected":false},"author":4,"featured_media":0,"comment_status":"closed","ping_status":"closed","sticky":false,"template":"","format":"standard","meta":{"footnotes":""},"categories":[59],"tags":[58,116,117],"class_list":["post-4893","post","type-post","status-publish","format-standard","hentry","category-cultura","tag-centro-cultural-ramon-pelayo","tag-cine","tag-filmoteca"],"_links":{"self":[{"href":"https:\/\/mediocudeyo.es\/web\/wp-json\/wp\/v2\/posts\/4893"}],"collection":[{"href":"https:\/\/mediocudeyo.es\/web\/wp-json\/wp\/v2\/posts"}],"about":[{"href":"https:\/\/mediocudeyo.es\/web\/wp-json\/wp\/v2\/types\/post"}],"author":[{"embeddable":true,"href":"https:\/\/mediocudeyo.es\/web\/wp-json\/wp\/v2\/users\/4"}],"replies":[{"embeddable":true,"href":"https:\/\/mediocudeyo.es\/web\/wp-json\/wp\/v2\/comments?post=4893"}],"version-history":[{"count":0,"href":"https:\/\/mediocudeyo.es\/web\/wp-json\/wp\/v2\/posts\/4893\/revisions"}],"wp:attachment":[{"href":"https:\/\/mediocudeyo.es\/web\/wp-json\/wp\/v2\/media?parent=4893"}],"wp:term":[{"taxonomy":"category","embeddable":true,"href":"https:\/\/mediocudeyo.es\/web\/wp-json\/wp\/v2\/categories?post=4893"},{"taxonomy":"post_tag","embeddable":true,"href":"https:\/\/mediocudeyo.es\/web\/wp-json\/wp\/v2\/tags?post=4893"}],"curies":[{"name":"wp","href":"https:\/\/api.w.org\/{rel}","templated":true}]}}