{"id":4921,"date":"2018-11-26T18:47:44","date_gmt":"2018-11-26T17:47:44","guid":{"rendered":"http:\/\/mediocudeyo.es\/web\/?p=4921"},"modified":"2018-11-26T18:47:44","modified_gmt":"2018-11-26T17:47:44","slug":"alberto-sebastian-y-cesar-bueno-una-cita-muy-importante","status":"publish","type":"post","link":"https:\/\/mediocudeyo.es\/web\/alberto-sebastian-y-cesar-bueno-una-cita-muy-importante\/","title":{"rendered":"ALBERTO SEBASTI\u00c1N Y C\u00c9SAR BUENO: UNA CITA MUY IMPORTANTE"},"content":{"rendered":"<header class=\"entry-header\">Domingo 2 de diciembre, 12:00 h.Centro Cultural Ram\u00f3n Pelayo (Solares)<\/p>\n<p>Precio: 1\u20ac<\/p>\n<p>Reserva y venta de entradas en el Pto. Inf. Mcpal. del CCRP, tel. 9425226854<\/p>\n<p><img fetchpriority=\"high\" decoding=\"async\" class=\"size-large wp-image-4922\" src=\"http:\/\/mediocudeyo.es\/web\/wp-content\/uploads\/2018\/11\/foto-una-cita-muy-importante-1024x611.jpg\" alt=\"\" width=\"474\" height=\"283\" \/><\/p>\n<h2>Una Cita Muy Importante<\/h2>\n<\/header>\n<p><strong>\u00bfPor qu\u00e9 se unen un narrador y un mago para hablar de libros?<\/strong><\/p>\n<p>Alberto Sebasti\u00e1n y C\u00e9sar Bueno llevan mucho tiempo trabajando en el mundo del espect\u00e1culo en facetas muy diferentes. Sus trayectorias son ya largas y se han consolidado como profesionales en sus campos: la magia y la narraci\u00f3n oral. Se conocen desde hace mucho tiempo y vieron la posibilidad de trabajar juntos en un espect\u00e1culo para ni\u00f1os\u2026<\/p>\n<div id=\"primary\" class=\"content-area\"><\/div>\n<p><!--more--><strong>\u00bfPero por qu\u00e9 los libros?<\/strong><\/p>\n<div id=\"primary\" class=\"content-area\">\n<article id=\"post-165\" class=\"post-165 page type-page status-publish hentry no-featured-image\">\n<div class=\"entry-content\">\n<p>Porque es algo que les une.\u00a0C\u00e9sar Bueno, el mago, ha elaborado varios espect\u00e1culos de magia alrededor de la animaci\u00f3n lectora que han sido representados por innumerables localidades de la geograf\u00eda espa\u00f1ola. Adem\u00e1s hace poco tiempo dise\u00f1\u00f3 una baraja de cartas centrada en ilustres escritores y sus personajes, que fue impresa por la prestigiosa marca de naipes Fournier.\u00a0Alberto Sebasti\u00e1n, el narrador, lleva sus historias por las bibliotecas de Espa\u00f1a y sus talleres de animaci\u00f3n por colegios e institutos desde hace ya muchos a\u00f1os.<\/p>\n<\/div>\n<\/article>\n<\/div>\n<p>Un d\u00eda pensaron que pod\u00edan juntar sus saberes para hablar a los ni\u00f1os de hoy de libros que a ellos les marcaron cuando eran m\u00e1s peque\u00f1os. Y descubrieron que ten\u00edan \u201cUna cita muy importante\u201d.\u00a0Con este trabajo quieren hablar de libros, de personajes y de descubrir el placer de la lectura.\u00a0Quieren ayudar a abrir la cubierta de un libro como si de una puerta se tratara, e invitar a todo el mundo a entrar.\u00a0Y para ello han dise\u00f1ado un espect\u00e1culo en torno a cinco cl\u00e1sicos de la literatura infantil y juvenil. Cinco historias que fueron escritas hace muchos a\u00f1os, pero no lo parece, y que ellos quieren presentar a los ni\u00f1os de hoy como si fueran nuevas, porque siempre lo son.<\/p>\n<div id=\"primary\" class=\"content-area\">\n<article id=\"post-165\" class=\"post-165 page type-page status-publish hentry no-featured-image\">\n<div class=\"entry-content\">\n<p><strong>\u00bfQu\u00e9 libros son?<\/strong><\/p>\n<p>Winny de Puh.\u00a0El viento en los sauces.\u00a0El Maravilloso viaje de Nils Holguerson.\u00a0Guillermo el travieso.\u00a0El fantasma de Canterville<\/p>\n<p><strong>\u00bfPor qu\u00e9 esos libros y no otros?<\/strong><\/p>\n<p>Porque constituyen un peque\u00f1o itinerario, y vamos a tratar de, en el tiempo que dura el montaje, transitar por los territorios a los que quieren llevarnos.\u00a0Porque nos hablan de los temas fundamentales que han servido de inspiraci\u00f3n a los escritores durante toda la historia\u00a0(el amor, los viajes, la aventura, la amistad, el miedo\u2026).\u00a0Y porque al margen de su indudable calidad literaria, son historias que no han perdido vigencia.\u00a0C\u00e9sar y Alberto creen que es importante que los ni\u00f1os de hoy sepan que Winny de Puh es mucho m\u00e1s que merchandising, que Guillermo era un proscrito, que te puedes hacer mayor volando sobre un ganso, que hay un universo en la orilla de un r\u00edo o que los fantasmas se enamoran.<\/p>\n<p><strong>\u00bfY si son un mago y un cuentacuentos, hay magia y cuentos?<\/strong><\/p>\n<p>Un poquito, porque en este espect\u00e1culo no son lo importante. Lo importante son los libros que traemos. Y que los ni\u00f1os aprendan que ah\u00ed fuera hay cientos de historias que les van a emocionar, que les van a divertir, que les van a decir cosas como s\u00f3lo ellas pueden hacerlo. Que s\u00f3lo tienen que salir a buscarlas, y que en su mano est\u00e1 disfrutar de ese tesoro que se esconde en un lugar de muy f\u00e1cil acceso: entre las p\u00e1ginas de un libro.\u00a0Para ayudar a caminar por la selva de las palabras, C\u00e9sar y Alberto ofrecen la posibilidad de recibir v\u00eda e-mail un listado de lecturas que a ellos les han encantado y que consideran que contienen eso tan precioso que animan a salir a buscar.<\/p>\n<\/div>\n<\/article>\n<\/div>\n<p>&nbsp;<\/p>\n","protected":false},"excerpt":{"rendered":"<p>Domingo 2 de diciembre, 12:00 h.Centro Cultural Ram\u00f3n Pelayo (Solares) Precio: 1\u20ac Reserva y venta de entradas en el Pto. Inf. Mcpal. del CCRP, tel. 9425226854 Una Cita Muy Importante [&hellip;]<\/p>\n","protected":false},"author":4,"featured_media":0,"comment_status":"closed","ping_status":"closed","sticky":false,"template":"","format":"standard","meta":{"footnotes":""},"categories":[59],"tags":[58,249,179,82,91],"class_list":["post-4921","post","type-post","status-publish","format-standard","hentry","category-cultura","tag-centro-cultural-ramon-pelayo","tag-cuentacuentos","tag-enredarte","tag-fusionarte","tag-magia"],"_links":{"self":[{"href":"https:\/\/mediocudeyo.es\/web\/wp-json\/wp\/v2\/posts\/4921"}],"collection":[{"href":"https:\/\/mediocudeyo.es\/web\/wp-json\/wp\/v2\/posts"}],"about":[{"href":"https:\/\/mediocudeyo.es\/web\/wp-json\/wp\/v2\/types\/post"}],"author":[{"embeddable":true,"href":"https:\/\/mediocudeyo.es\/web\/wp-json\/wp\/v2\/users\/4"}],"replies":[{"embeddable":true,"href":"https:\/\/mediocudeyo.es\/web\/wp-json\/wp\/v2\/comments?post=4921"}],"version-history":[{"count":0,"href":"https:\/\/mediocudeyo.es\/web\/wp-json\/wp\/v2\/posts\/4921\/revisions"}],"wp:attachment":[{"href":"https:\/\/mediocudeyo.es\/web\/wp-json\/wp\/v2\/media?parent=4921"}],"wp:term":[{"taxonomy":"category","embeddable":true,"href":"https:\/\/mediocudeyo.es\/web\/wp-json\/wp\/v2\/categories?post=4921"},{"taxonomy":"post_tag","embeddable":true,"href":"https:\/\/mediocudeyo.es\/web\/wp-json\/wp\/v2\/tags?post=4921"}],"curies":[{"name":"wp","href":"https:\/\/api.w.org\/{rel}","templated":true}]}}