{"id":4927,"date":"2018-11-27T15:06:24","date_gmt":"2018-11-27T14:06:24","guid":{"rendered":"http:\/\/mediocudeyo.es\/web\/?p=4927"},"modified":"2018-11-27T15:06:24","modified_gmt":"2018-11-27T14:06:24","slug":"queda-suspendido-el-servicio-de-prestamo-de-libros-en-la-biblioteca-municipal-temporalmente","status":"publish","type":"post","link":"https:\/\/mediocudeyo.es\/web\/queda-suspendido-el-servicio-de-prestamo-de-libros-en-la-biblioteca-municipal-temporalmente\/","title":{"rendered":"SUSPENDIDO TEMPORALMENTE EL SERVICIO DE PRESTAMO DE LIBROS EN LA BIBLIOTECA MUNICIPAL"},"content":{"rendered":"<p>La concejal\u00eda de Cultura, Educaci\u00f3n y Juventud del Ayuntamiento de Medio Cudeyo, comunica:<\/p>\n<p>Por obras de acondicionamiento del Centro Cultural Ram\u00f3n Pelayo, se suspende hasta nuevo aviso el pr\u00e9stamo bibliotecario.<br \/>\nLas devoluciones se podr\u00e1n seguir haciendo en el Punto de Informaci\u00f3n Municipal de dicho Centro.<\/p>\n<div class=\"text_exposed_show\">\n<p>Estamos mejorando el Centro Cultural para mejorar los servicios.<\/p>\n<p>Disculpen las molestias.<\/p>\n<\/div>\n","protected":false},"excerpt":{"rendered":"<p>La concejal\u00eda de Cultura, Educaci\u00f3n y Juventud del Ayuntamiento de Medio Cudeyo, comunica: Por obras de acondicionamiento del Centro Cultural Ram\u00f3n Pelayo, se suspende hasta nuevo aviso el pr\u00e9stamo bibliotecario. [&hellip;]<\/p>\n","protected":false},"author":4,"featured_media":0,"comment_status":"closed","ping_status":"closed","sticky":false,"template":"","format":"standard","meta":{"footnotes":""},"categories":[59],"tags":[84,58],"class_list":["post-4927","post","type-post","status-publish","format-standard","hentry","category-cultura","tag-biblioteca","tag-centro-cultural-ramon-pelayo"],"_links":{"self":[{"href":"https:\/\/mediocudeyo.es\/web\/wp-json\/wp\/v2\/posts\/4927"}],"collection":[{"href":"https:\/\/mediocudeyo.es\/web\/wp-json\/wp\/v2\/posts"}],"about":[{"href":"https:\/\/mediocudeyo.es\/web\/wp-json\/wp\/v2\/types\/post"}],"author":[{"embeddable":true,"href":"https:\/\/mediocudeyo.es\/web\/wp-json\/wp\/v2\/users\/4"}],"replies":[{"embeddable":true,"href":"https:\/\/mediocudeyo.es\/web\/wp-json\/wp\/v2\/comments?post=4927"}],"version-history":[{"count":0,"href":"https:\/\/mediocudeyo.es\/web\/wp-json\/wp\/v2\/posts\/4927\/revisions"}],"wp:attachment":[{"href":"https:\/\/mediocudeyo.es\/web\/wp-json\/wp\/v2\/media?parent=4927"}],"wp:term":[{"taxonomy":"category","embeddable":true,"href":"https:\/\/mediocudeyo.es\/web\/wp-json\/wp\/v2\/categories?post=4927"},{"taxonomy":"post_tag","embeddable":true,"href":"https:\/\/mediocudeyo.es\/web\/wp-json\/wp\/v2\/tags?post=4927"}],"curies":[{"name":"wp","href":"https:\/\/api.w.org\/{rel}","templated":true}]}}