{"id":4930,"date":"2018-11-27T15:15:03","date_gmt":"2018-11-27T14:15:03","guid":{"rendered":"http:\/\/mediocudeyo.es\/web\/?p=4930"},"modified":"2018-11-27T15:15:03","modified_gmt":"2018-11-27T14:15:03","slug":"filmoteca-la-delgada-linea-amarilla","status":"publish","type":"post","link":"https:\/\/mediocudeyo.es\/web\/filmoteca-la-delgada-linea-amarilla\/","title":{"rendered":"FILMOTECA: LA DELGADA LINEA AMARILLA"},"content":{"rendered":"<p><img fetchpriority=\"high\" decoding=\"async\" class=\"alignnone size-full wp-image-4931\" src=\"http:\/\/mediocudeyo.es\/web\/wp-content\/uploads\/2018\/11\/la_delgada_linea_amarilla-288736136-large.jpg\" alt=\"\" width=\"677\" height=\"960\" \/><\/p>\n<p>Lunes 3 de diciembre, 20:30 h.<\/p>\n<p>Centro Cultural Ram\u00f3n Pelayo (Solares)<\/p>\n<p>Precio \u00fanico: 2,50\u20ac<!--more--><\/p>\n<p>T\u00edtulo original: La delgada l\u00ednea amarilla<\/p>\n<p>A\u00f1o: 2015<\/p>\n<p>Duraci\u00f3n: 95 min.<\/p>\n<p>Pa\u00eds: <span id=\"country-img\"><img decoding=\"async\" title=\"M\u00e9xico\" src=\"https:\/\/www.filmaffinity.com\/imgs\/countries\/MX.jpg\" alt=\"M\u00e9xico\" \/><\/span>\u00a0M\u00e9xico<\/p>\n<p>Direcci\u00f3n:\u00a0<span class=\"director\"> Celso Garc\u00eda<\/span><\/p>\n<p><label class=\"mcu-text-details-text-b\">Calificaci\u00f3n:<\/label> <label class=\"custom-simple-label\">NO RECOMENDADA PARA MENORES DE SIETE A\u00d1OS <\/label><\/p>\n<p>Guion: <span class=\"nb\">Celso Garc\u00eda<\/span><\/p>\n<p>M\u00fasica: <span class=\"nb\">Dan Zlotnik<\/span><\/p>\n<p>Fotograf\u00eda: <span class=\"nb\">Emiliano Villanueva<\/span><\/p>\n<p>Reparto:<span class=\"cast\"> Dami\u00e1n Alc\u00e1zar, <\/span> <span class=\"cast\"> Joaqu\u00edn Cos\u00edo, <\/span> <span class=\"cast\"> Gustavo S\u00e1nchez Parra, <\/span> <span class=\"cast\"> Silverio Palacios, <\/span> <span class=\"cast\"> Am\u00e9rico Hollander, <\/span> <span class=\"cast\"> Fernando Becerril, <\/span> <span class=\"cast\"> Tara Parra, <\/span> <span class=\"cast\"> Sara Ju\u00e1rez, <\/span> <span class=\"cast\"> Enoc Lea\u00f1o, <\/span> <span class=\"cast\"> Ferm\u00edn Mart\u00ednez.<\/span><\/p>\n<p>Productora: <span class=\"nb\">Coproducci\u00f3n M\u00e9xico-Francia; FOPROCINE \/ Springall Pictures \/ Fidecine.<\/span><\/p>\n<p><span class=\"nb\"> Productor: Guillermo del Toro<\/span><\/p>\n<p>G\u00e9nero: Drama | Comedia dram\u00e1tica. Trabajo\/empleo. Road Movie.<\/p>\n<p>Sinopsis: La delgada l\u00ednea amarilla es el viaje de cinco hombres que son contratados para pintar la l\u00ednea divisoria de una carretera que conecta dos pueblos de M\u00e9xico. A bordo de una vieja camioneta, inician el trabajo de m\u00e1s de doscientos kil\u00f3metros de asfalto y pintura amarilla que deber\u00e1n completar en menos de quince d\u00edas. Cinco solitarios que, por azares del destino, se unen con el \u00fanico prop\u00f3sito de ganar unos pesos, pero sin buscarlo, este viaje cambiar\u00e1 su manera de ver y entender la vida. Al finalizar el recorrido, comprender\u00e1n que existe una delgada l\u00ednea entre el bien y el mal; entre la risa y el llanto; entre la vida y la muerte.<\/p>\n<p>&nbsp;<\/p>\n","protected":false},"excerpt":{"rendered":"<p>Lunes 3 de diciembre, 20:30 h. Centro Cultural Ram\u00f3n Pelayo (Solares) Precio \u00fanico: 2,50\u20ac<\/p>\n","protected":false},"author":4,"featured_media":0,"comment_status":"closed","ping_status":"closed","sticky":false,"template":"","format":"standard","meta":{"footnotes":""},"categories":[59],"tags":[58,116,117],"class_list":["post-4930","post","type-post","status-publish","format-standard","hentry","category-cultura","tag-centro-cultural-ramon-pelayo","tag-cine","tag-filmoteca"],"_links":{"self":[{"href":"https:\/\/mediocudeyo.es\/web\/wp-json\/wp\/v2\/posts\/4930"}],"collection":[{"href":"https:\/\/mediocudeyo.es\/web\/wp-json\/wp\/v2\/posts"}],"about":[{"href":"https:\/\/mediocudeyo.es\/web\/wp-json\/wp\/v2\/types\/post"}],"author":[{"embeddable":true,"href":"https:\/\/mediocudeyo.es\/web\/wp-json\/wp\/v2\/users\/4"}],"replies":[{"embeddable":true,"href":"https:\/\/mediocudeyo.es\/web\/wp-json\/wp\/v2\/comments?post=4930"}],"version-history":[{"count":0,"href":"https:\/\/mediocudeyo.es\/web\/wp-json\/wp\/v2\/posts\/4930\/revisions"}],"wp:attachment":[{"href":"https:\/\/mediocudeyo.es\/web\/wp-json\/wp\/v2\/media?parent=4930"}],"wp:term":[{"taxonomy":"category","embeddable":true,"href":"https:\/\/mediocudeyo.es\/web\/wp-json\/wp\/v2\/categories?post=4930"},{"taxonomy":"post_tag","embeddable":true,"href":"https:\/\/mediocudeyo.es\/web\/wp-json\/wp\/v2\/tags?post=4930"}],"curies":[{"name":"wp","href":"https:\/\/api.w.org\/{rel}","templated":true}]}}