{"id":5006,"date":"2018-12-03T11:28:14","date_gmt":"2018-12-03T10:28:14","guid":{"rendered":"http:\/\/mediocudeyo.es\/web\/?p=5006"},"modified":"2018-12-03T11:28:14","modified_gmt":"2018-12-03T10:28:14","slug":"concierto-orfeon-cantabro","status":"publish","type":"post","link":"https:\/\/mediocudeyo.es\/web\/concierto-orfeon-cantabro\/","title":{"rendered":"CONCIERTO: ORFE\u00d3N C\u00c1NTABRO"},"content":{"rendered":"<p><img fetchpriority=\"high\" decoding=\"async\" class=\"alignnone size-large wp-image-5008\" src=\"http:\/\/mediocudeyo.es\/web\/wp-content\/uploads\/2018\/12\/orfe\u00f3n-1024x576.jpg\" alt=\"\" width=\"474\" height=\"267\" \/><\/p>\n<p>S\u00e1bado 8 de diciembre, 20:00 h. Centro\u00a0 Cultural Ram\u00f3n Pelayo (Solares)<\/p>\n<p>Entrada libre hasta completar aforo.<\/p>\n<p>El Orfe\u00f3n C\u00e1ntabro, se funda el 1 de marzo de 1963, por iniciativa de la Agrupaci\u00f3n L\u00edrica Altamira, que deseaban tener una actividad musical m\u00e1s amplia y permanente.<!--more--><\/p>\n<p>En 2013 la agrupaci\u00f3n cumpli\u00f3 su cincuentenario. El Orfe\u00f3n C\u00e1ntabro, recoge la herencia musical de otras Agrupaciones Corales que le precedieron en el tiempo, tales como La Coral de Santander (1923-1958) y El Orfe\u00f3n Cantabria (1890-1922)<\/p>\n<p>Desde 1963 hasta comienzo de la d\u00e9cada de los 90, la trayectoria del Orfe\u00f3n C\u00e1ntabro fue muy relevante, siendo uno de los grupos corales m\u00e1s representativos de Cantabria.<\/p>\n<p>Participa en numerosos conciertos, estrena obras, obtiene numerosos premios. Igualmente act\u00faa en conciertos participativos.<\/p>\n<p>En el repertorio del Orfe\u00f3n\u00a0 C\u00e1ntabro, tienen cabida obras de diversos estilos y \u00e9pocas: M\u00fasica Popular y Cultura C\u00e1ntabra, Popular Espa\u00f1ola, Hispanoamericana, Habaneras, Villancicos, G\u00f3spel, m\u00fasica cl\u00e1sica de deferentes periodos.<\/p>\n<p>&nbsp;<\/p>\n<p>Cesar Vinagrero Lastra<\/p>\n<p>&nbsp;<\/p>\n<p>Nacido en Santander, inicia sus estudios musicales en el conservatorio Jes\u00fas de Monasterio de Santander.<\/p>\n<p>Obtiene el t\u00edtulo de profesor de piano con las m\u00e1s altas calificaciones. Contin\u00faa su formaci\u00f3n Madrid, ingresando en la C\u00e1tedra de Piano en Fernando Puchol. Prosigue sus estudios superiores en los conservatorios del Bilbao y Oviedo.<\/p>\n<p>En el verano de 2010, funda la Joven Orquesta Aut\u00f3noma de Santander y Cantabria con la cual ha realizado numerosos conciertos en CASYC, Palacio de Festivales, Catedral de Santander, Santa Luc\u00eda, etc.<\/p>\n<p>Con la Orquesta de la Asociaci\u00f3n Filarm\u00f3nica de Cantabria, ha dirigido obras tales como: Misa de la Coronaci\u00f3n y El R\u00e9quiem\u00a0 de Mozart, el Gloria de Vivaldi, y otras.<\/p>\n<p>En la actualidad dirige varios coros de Cantabria: Orfe\u00f3n C\u00e1ntabro, Voces de Toranzo, Coral Jorge Manrique, Coral Encina de Mata y Atalaya voces.<\/p>\n<p>Compagina esta actividad con la ense\u00f1anza musical en el Conservatorio Profesional de M\u00fasica.<\/p>\n<p>&nbsp;<\/p>\n<p>&nbsp;<\/p>\n<p>Actuaci\u00f3n 8 de diciembre<\/p>\n<p>Aurtxoa Seaskan (l.Morondo)<\/p>\n<p>Molitvu Proliyu (Espiritual Ruso)<\/p>\n<p>For the Beauty of the Earth (John Rutter)<\/p>\n<p>Bel\u00e9n en la Collada (N\u00f3bel S\u00e1mano)<\/p>\n<p>Verbum Caro Factum Est<\/p>\n<p>Cantores Callad (M.A. Samperio)<\/p>\n<p>Ya viene la vieja (Villancico Popular de Castilla)<\/p>\n<p>Happy Day (Espiritual Negro)<\/p>\n<p>Swing low, swing chariot (Espiritual Negro)<\/p>\n<p>Everybody sings freedom (Espiritual Negro)<\/p>\n<p>Ain\u00b4t got\u00a0 time to die (Espiritual Negro)<\/p>\n<p>Hallelujah (Haendel)<\/p>\n<p>Noche de Paz (Franz Gruber)<\/p>\n<p>&nbsp;<\/p>\n","protected":false},"excerpt":{"rendered":"<p>S\u00e1bado 8 de diciembre, 20:00 h. Centro\u00a0 Cultural Ram\u00f3n Pelayo (Solares) Entrada libre hasta completar aforo. El Orfe\u00f3n C\u00e1ntabro, se funda el 1 de marzo de 1963, por iniciativa de [&hellip;]<\/p>\n","protected":false},"author":4,"featured_media":0,"comment_status":"closed","ping_status":"closed","sticky":false,"template":"","format":"standard","meta":{"footnotes":""},"categories":[59],"tags":[58,90],"class_list":["post-5006","post","type-post","status-publish","format-standard","hentry","category-cultura","tag-centro-cultural-ramon-pelayo","tag-concierto"],"_links":{"self":[{"href":"https:\/\/mediocudeyo.es\/web\/wp-json\/wp\/v2\/posts\/5006"}],"collection":[{"href":"https:\/\/mediocudeyo.es\/web\/wp-json\/wp\/v2\/posts"}],"about":[{"href":"https:\/\/mediocudeyo.es\/web\/wp-json\/wp\/v2\/types\/post"}],"author":[{"embeddable":true,"href":"https:\/\/mediocudeyo.es\/web\/wp-json\/wp\/v2\/users\/4"}],"replies":[{"embeddable":true,"href":"https:\/\/mediocudeyo.es\/web\/wp-json\/wp\/v2\/comments?post=5006"}],"version-history":[{"count":0,"href":"https:\/\/mediocudeyo.es\/web\/wp-json\/wp\/v2\/posts\/5006\/revisions"}],"wp:attachment":[{"href":"https:\/\/mediocudeyo.es\/web\/wp-json\/wp\/v2\/media?parent=5006"}],"wp:term":[{"taxonomy":"category","embeddable":true,"href":"https:\/\/mediocudeyo.es\/web\/wp-json\/wp\/v2\/categories?post=5006"},{"taxonomy":"post_tag","embeddable":true,"href":"https:\/\/mediocudeyo.es\/web\/wp-json\/wp\/v2\/tags?post=5006"}],"curies":[{"name":"wp","href":"https:\/\/api.w.org\/{rel}","templated":true}]}}