{"id":5017,"date":"2018-12-04T11:38:16","date_gmt":"2018-12-04T10:38:16","guid":{"rendered":"http:\/\/mediocudeyo.es\/web\/?p=5017"},"modified":"2018-12-04T11:38:16","modified_gmt":"2018-12-04T10:38:16","slug":"filmoteca-ana-de-dia","status":"publish","type":"post","link":"https:\/\/mediocudeyo.es\/web\/filmoteca-ana-de-dia\/","title":{"rendered":"FILMOTECA: ANA DE D\u00cdA"},"content":{"rendered":"<p><img fetchpriority=\"high\" decoding=\"async\" class=\"alignnone size-full wp-image-5018\" src=\"http:\/\/mediocudeyo.es\/web\/wp-content\/uploads\/2018\/12\/ana_de_dia-454836458-large.jpg\" alt=\"\" width=\"400\" height=\"593\" \/><\/p>\n<p>Lunes 10 de Diciembre , 20:30h.<\/p>\n<p>Centro Cultural Ram\u00f3n Pelayo ( Solares)<\/p>\n<p>Precio \u00fanico : 2,50 \u20ac.<!--more--><\/p>\n<p>T\u00edtulo original: Ana de d\u00eda<\/p>\n<div class=\"product-details-content margin-bottom-5\"><label class=\"mcu-text-details-text-b\">Calificaci\u00f3n:<\/label> <label class=\"custom-simple-label\">NO RECOMENDADA PARA MENORES DE DIECIS\u00c9IS A\u00d1OS\u00a0 <\/label><\/div>\n<p>A\u00f1o :2018<\/p>\n<p>Duraci\u00f3n105 min.<\/p>\n<p>Pa\u00eds:<span id=\"country-img\"><\/span> Espa\u00f1a.<\/p>\n<p>Direcci\u00f3n:<span class=\"director\"> Andrea Jaurrieta<\/span><\/p>\n<div class=\"credits\"><span class=\"nb\">Gui\u00f3n: Andrea Jaurrieta<\/span><\/div>\n<div><\/div>\n<p>M\u00fasica: <span class=\"nb\">Aurelio Edler-Copes<\/span><\/p>\n<p>Fotograf\u00eda: <span class=\"nb\">Juli Carn\u00e9 Martorell<\/span><\/p>\n<div class=\"credits\"><span class=\"nb\">\u00a0<\/span><\/div>\n<p>Reparto<span class=\"cast\"> :\u00a0 Ingrid Garc\u00eda Jonsson, <\/span> <span class=\"cast\"> Mona Mart\u00ednez, <\/span> <span class=\"cast\"> Fernando Albizu, <\/span> <span class=\"cast\"> \u00c1lvaro Ogalla, <\/span> <span class=\"cast\"> Irene Ruiz, <\/span> <span class=\"cast\"> Mar\u00eda Jos\u00e9 Alfonso, <\/span> <span class=\"cast\"> I\u00f1aki Ardanaz, <\/span> <span class=\"cast\"> Abel Serbouti, <\/span> <span class=\"cast\"> Antonio Ponce, <\/span> <span class=\"cast\"> Iv\u00e1n Luis,<\/span> <span class=\"cast\">Gabriela Fernandez Molero, <\/span> <span class=\"cast\"> Carla de Otero, <\/span> <span class=\"cast\"> Mamen Godoy, <\/span> <span class=\"cast\"> Francisco Vidal, <\/span> <span class=\"cast\"> Gabriela Fern\u00e1ndez.<br \/>\n<\/span><\/p>\n<p>Productora: <span class=\"nb\">No Hay Banda<\/span><\/p>\n<p>G\u00e9nero: Drama.<\/p>\n<p>Sinopsis:Ana es una joven formal, educada en una familia de clase media tradicional. Est\u00e1 a punto de terminar su doctorado en derecho, entrar a formar parte de una empresa y casarse, pero no se siente realizada. Un d\u00eda, descubre que una doble id\u00e9ntica a ella ha ocupado su lugar, llevando a cabo todas sus responsabilidades y obligaciones. Ana entonces se debate entre luchar por su identidad perdida o, por lo contrario, intentar buscar su propia identidad ajena a todo lo que supon\u00eda su vida \u00abnormal\u00bb. D\u00e1ndose cuenta de que por primera vez es totalmente libre, Ana decide explorar su nuevo anonimato y libertad, probando sus l\u00edmites y buscando el sentido de su propia existencia entre las noches madrile\u00f1as de cabaret y la pensi\u00f3n donde se alojar\u00e1, repleta de personajes que anhelan as\u00ed mismo desaparecer en la noche<\/p>\n<p>&nbsp;<\/p>\n","protected":false},"excerpt":{"rendered":"<p>Lunes 10 de Diciembre , 20:30h. Centro Cultural Ram\u00f3n Pelayo ( Solares) Precio \u00fanico : 2,50 \u20ac.<\/p>\n","protected":false},"author":4,"featured_media":0,"comment_status":"closed","ping_status":"closed","sticky":false,"template":"","format":"standard","meta":{"footnotes":""},"categories":[59],"tags":[58,116,117],"class_list":["post-5017","post","type-post","status-publish","format-standard","hentry","category-cultura","tag-centro-cultural-ramon-pelayo","tag-cine","tag-filmoteca"],"_links":{"self":[{"href":"https:\/\/mediocudeyo.es\/web\/wp-json\/wp\/v2\/posts\/5017"}],"collection":[{"href":"https:\/\/mediocudeyo.es\/web\/wp-json\/wp\/v2\/posts"}],"about":[{"href":"https:\/\/mediocudeyo.es\/web\/wp-json\/wp\/v2\/types\/post"}],"author":[{"embeddable":true,"href":"https:\/\/mediocudeyo.es\/web\/wp-json\/wp\/v2\/users\/4"}],"replies":[{"embeddable":true,"href":"https:\/\/mediocudeyo.es\/web\/wp-json\/wp\/v2\/comments?post=5017"}],"version-history":[{"count":0,"href":"https:\/\/mediocudeyo.es\/web\/wp-json\/wp\/v2\/posts\/5017\/revisions"}],"wp:attachment":[{"href":"https:\/\/mediocudeyo.es\/web\/wp-json\/wp\/v2\/media?parent=5017"}],"wp:term":[{"taxonomy":"category","embeddable":true,"href":"https:\/\/mediocudeyo.es\/web\/wp-json\/wp\/v2\/categories?post=5017"},{"taxonomy":"post_tag","embeddable":true,"href":"https:\/\/mediocudeyo.es\/web\/wp-json\/wp\/v2\/tags?post=5017"}],"curies":[{"name":"wp","href":"https:\/\/api.w.org\/{rel}","templated":true}]}}