{"id":5066,"date":"2018-12-10T15:17:17","date_gmt":"2018-12-10T14:17:17","guid":{"rendered":"http:\/\/mediocudeyo.es\/web\/?p=5066"},"modified":"2018-12-10T15:17:17","modified_gmt":"2018-12-10T14:17:17","slug":"concurso-escaparates-ayto-de-medio-cudeyo-navidad-2018-2019","status":"publish","type":"post","link":"https:\/\/mediocudeyo.es\/web\/concurso-escaparates-ayto-de-medio-cudeyo-navidad-2018-2019\/","title":{"rendered":"CONCURSO ESCAPARATES AYTO. DE MEDIO CUDEYO NAVIDAD 2018-2019"},"content":{"rendered":"<p><img fetchpriority=\"high\" decoding=\"async\" class=\"alignnone size-full wp-image-5067\" src=\"http:\/\/mediocudeyo.es\/web\/wp-content\/uploads\/2018\/12\/escaparates.jpg\" alt=\"\" width=\"335\" height=\"177\" \/><\/p>\n<p><strong>BASES <\/strong><\/p>\n<p>Participa en el Concurso de escaparates de Navidad y contribuye a decorar las calles del municipio.<\/p>\n<p>&nbsp;<\/p>\n<ol>\n<li>Tema.\u00a0Navidad.<\/li>\n<li>Concursantes.\u00a0Dirigido a todo tipo de establecimientos de los distintos pueblos del municipio que quieran expresar mediante un escaparate el tema objeto del concurso.<\/li>\n<li>Material.\u00a0Se admitir\u00e1n todo tipo de materiales\u00a0para la construcci\u00f3n del escaparate.<\/li>\n<li>Plazos.\u00a0Los escaparates deber\u00e1n exhibirse, como m\u00ednimo, desde el d\u00eda 19 de diciembre hasta el 6 de enero inclusive. El jurado pasar\u00e1 a valorar los trabajos realizados a partir del d\u00eda de cierre de inscripciones.<\/li>\n<li>Jurado.\u00a0 Dos personas designadas por el Ayuntamiento de Medio Cudeyo.<\/li>\n<li>Fallo. El fallo se anunciar\u00e1 v\u00eda telef\u00f3nica a los ganadores.<\/li>\n<li>Distintivos: Se har\u00e1 entrega de la acreditaci\u00f3n correspondiente que tendr\u00e1 que ser colocada en los escaparates.<\/li>\n<li>Premios:<\/li>\n<\/ol>\n<p>1\u00ba Premio: 250 \u20ac &#8211; Ayto. Medio Cudeyo<\/p>\n<p>2\u00ba Premio: 150 \u20ac &#8211; Ayto. Medio Cudeyo<\/p>\n<p>3\u00ba Premio: 100 \u20ac &#8211; Ayto. Medio Cudeyo<\/p>\n<p>&nbsp;<\/p>\n<ol start=\"7\">\n<li><strong>Inscripci\u00f3n. Hasta el 18 de diciembre<\/strong> y se efectuar\u00e1 rellenando la ficha de inscripci\u00f3n disponible en el P.I.M. del Centro Cultural Ram\u00f3n Pelayo (Solares).<\/li>\n<\/ol>\n<p>El hecho de participar implica la aceptaci\u00f3n \u00edntegra de las presentes bases.<\/p>\n<ol start=\"8\">\n<li>Se\u00f1alizaci\u00f3n.\u00a0Los escaparates participantes deber\u00e1n estar se\u00f1alizados con el mismo distintivo oficial del concurso, facilitado por el Ayuntamiento de Medio Cudeyo.<\/li>\n<\/ol>\n","protected":false},"excerpt":{"rendered":"<p>BASES Participa en el Concurso de escaparates de Navidad y contribuye a decorar las calles del municipio. &nbsp; Tema.\u00a0Navidad. Concursantes.\u00a0Dirigido a todo tipo de establecimientos de los distintos pueblos del [&hellip;]<\/p>\n","protected":false},"author":4,"featured_media":0,"comment_status":"closed","ping_status":"closed","sticky":false,"template":"","format":"standard","meta":{"footnotes":""},"categories":[59],"tags":[106,60,61],"class_list":["post-5066","post","type-post","status-publish","format-standard","hentry","category-cultura","tag-concurso","tag-medio-cudeyo","tag-navidad"],"_links":{"self":[{"href":"https:\/\/mediocudeyo.es\/web\/wp-json\/wp\/v2\/posts\/5066"}],"collection":[{"href":"https:\/\/mediocudeyo.es\/web\/wp-json\/wp\/v2\/posts"}],"about":[{"href":"https:\/\/mediocudeyo.es\/web\/wp-json\/wp\/v2\/types\/post"}],"author":[{"embeddable":true,"href":"https:\/\/mediocudeyo.es\/web\/wp-json\/wp\/v2\/users\/4"}],"replies":[{"embeddable":true,"href":"https:\/\/mediocudeyo.es\/web\/wp-json\/wp\/v2\/comments?post=5066"}],"version-history":[{"count":0,"href":"https:\/\/mediocudeyo.es\/web\/wp-json\/wp\/v2\/posts\/5066\/revisions"}],"wp:attachment":[{"href":"https:\/\/mediocudeyo.es\/web\/wp-json\/wp\/v2\/media?parent=5066"}],"wp:term":[{"taxonomy":"category","embeddable":true,"href":"https:\/\/mediocudeyo.es\/web\/wp-json\/wp\/v2\/categories?post=5066"},{"taxonomy":"post_tag","embeddable":true,"href":"https:\/\/mediocudeyo.es\/web\/wp-json\/wp\/v2\/tags?post=5066"}],"curies":[{"name":"wp","href":"https:\/\/api.w.org\/{rel}","templated":true}]}}