{"id":519,"date":"2016-10-04T13:54:20","date_gmt":"2016-10-04T12:54:20","guid":{"rendered":"http:\/\/mediocudeyo.es\/web\/?p=519"},"modified":"2016-10-04T13:54:20","modified_gmt":"2016-10-04T12:54:20","slug":"coordinadora-lanzadera-de-empleo","status":"publish","type":"post","link":"https:\/\/mediocudeyo.es\/web\/coordinadora-lanzadera-de-empleo\/","title":{"rendered":"Coordinador\/a Lanzadera de Empleo"},"content":{"rendered":"<p>Se publican las bases que regulan el proceso de selecci\u00f3n para la contrataci\u00f3n de un coordinador\/a de Lanzadera de Empleo y Emprendimiento Solidario.<\/p>\n<p><!--more--><\/p>\n<p>El plazo de presentaci\u00f3n de solicitudes se abrir\u00e1 el d\u00eda 5 de octubre y finalizar\u00e1 el d\u00eda 14 de octubre.<\/p>\n<p>M\u00e1s informaci\u00f3n en OFERTA DE EMPLEO P\u00daBLICO.<\/p>\n","protected":false},"excerpt":{"rendered":"<p>Se publican las bases que regulan el proceso de selecci\u00f3n para la contrataci\u00f3n de un coordinador\/a de Lanzadera de Empleo y Emprendimiento Solidario.<\/p>\n","protected":false},"author":2,"featured_media":0,"comment_status":"closed","ping_status":"closed","sticky":false,"template":"","format":"standard","meta":{"footnotes":""},"categories":[33,40],"tags":[94,95],"class_list":["post-519","post","type-post","status-publish","format-standard","hentry","category-adl","category-empleo","tag-empleo","tag-lanzadera"],"_links":{"self":[{"href":"https:\/\/mediocudeyo.es\/web\/wp-json\/wp\/v2\/posts\/519"}],"collection":[{"href":"https:\/\/mediocudeyo.es\/web\/wp-json\/wp\/v2\/posts"}],"about":[{"href":"https:\/\/mediocudeyo.es\/web\/wp-json\/wp\/v2\/types\/post"}],"author":[{"embeddable":true,"href":"https:\/\/mediocudeyo.es\/web\/wp-json\/wp\/v2\/users\/2"}],"replies":[{"embeddable":true,"href":"https:\/\/mediocudeyo.es\/web\/wp-json\/wp\/v2\/comments?post=519"}],"version-history":[{"count":0,"href":"https:\/\/mediocudeyo.es\/web\/wp-json\/wp\/v2\/posts\/519\/revisions"}],"wp:attachment":[{"href":"https:\/\/mediocudeyo.es\/web\/wp-json\/wp\/v2\/media?parent=519"}],"wp:term":[{"taxonomy":"category","embeddable":true,"href":"https:\/\/mediocudeyo.es\/web\/wp-json\/wp\/v2\/categories?post=519"},{"taxonomy":"post_tag","embeddable":true,"href":"https:\/\/mediocudeyo.es\/web\/wp-json\/wp\/v2\/tags?post=519"}],"curies":[{"name":"wp","href":"https:\/\/api.w.org\/{rel}","templated":true}]}}