{"id":5294,"date":"2019-01-22T14:17:06","date_gmt":"2019-01-22T13:17:06","guid":{"rendered":"http:\/\/mediocudeyo.es\/web\/?p=5294"},"modified":"2019-01-22T14:17:06","modified_gmt":"2019-01-22T13:17:06","slug":"filmoteca-la-noche-de-12-anos","status":"publish","type":"post","link":"https:\/\/mediocudeyo.es\/web\/filmoteca-la-noche-de-12-anos\/","title":{"rendered":"FILMOTECA: LA NOCHE DE 12 A\u00d1OS"},"content":{"rendered":"<p><img fetchpriority=\"high\" decoding=\"async\" class=\"alignnone size-large wp-image-5295\" src=\"http:\/\/mediocudeyo.es\/web\/wp-content\/uploads\/2019\/01\/la_noche_de_12_anos-279392473-large-716x1024.jpg\" alt=\"\" width=\"474\" height=\"678\" \/><\/p>\n<p>Lunes 28 de enero, 20:30 h.<\/p>\n<p>Centro Cultural Ram\u00f3n Pelayo (Solares)<\/p>\n<p>Precio \u00fanico: 2.50\u20ac<!--more--><\/p>\n<p>T\u00edtulo original: La noche de 12 a\u00f1os<\/p>\n<p>A\u00f1o: 2018<\/p>\n<p>Duraci\u00f3n: 122 min.<\/p>\n<p>Pa\u00eds: <span id=\"country-img\"><img decoding=\"async\" title=\"Uruguay\" src=\"https:\/\/www.filmaffinity.com\/imgs\/countries\/UY.jpg\" alt=\"Uruguay\" \/><\/span>\u00a0Uruguay<\/p>\n<p>Direcci\u00f3n:\u00a0<span class=\"director\"> \u00c1lvaro Brechner<\/span><\/p>\n<p>Guion: <span class=\"nb\">\u00c1lvaro Brechner<\/span><\/p>\n<p>M\u00fasica: <span class=\"nb\">Federico Jusid<\/span><\/p>\n<p>Fotograf\u00eda: <span class=\"nb\">Carlos Catal\u00e1n<\/span><\/p>\n<p><label class=\"mcu-text-details-text-b\">Calificaci\u00f3n:<\/label> <label class=\"custom-simple-label\">NO RECOMENDADA PARA MENORES DE DIECIS\u00c9IS A\u00d1OS\u00a0<\/label><\/p>\n<p>Reparto:<span class=\"cast\"> Antonio de la Torre, <\/span> <span class=\"cast\"> Chino Dar\u00edn, <\/span> <span class=\"cast\"> Alfonso Tort, <\/span> <span class=\"cast\"> C\u00e9sar Troncoso, <\/span> <span class=\"cast\"> Soledad Villamil, <\/span> <span class=\"cast\"> S\u00edlvia P\u00e9rez Cruz, <\/span> <span class=\"cast\"> Mirella Pascual, L<\/span><span class=\"cast\">idia Telles.<\/span><\/p>\n<p>Productora: <span class=\"nb\">Coproducci\u00f3n Uruguay-Argentina-Espa\u00f1a-Francia; Alcaravan \/ Haddock Films \/ Hern\u00e1ndez y Fern\u00e1ndez P.C \/ Manny Films \/ Movistar+ \/ Salado Films \/ Tornasol Films \/ ZDF\/Arte<\/span><\/p>\n<p>G\u00e9nero: Drama | Basado en hechos reales. Drama carcelario. A\u00f1os 70. Dictadura uruguaya.<\/p>\n<p>Sinopsis: A\u00f1o 1973. Uruguay est\u00e1 bajo el poder de la dictadura militar. Una noche de oto\u00f1o, nueve presos Tupamaros son sacados de sus celdas en una operaci\u00f3n militar secreta. La orden es precisa: \u00abcomo no pudimos matarles, vamos a volverles locos\u00bb. Los tres hombres permanecer\u00e1n aislados durante 12 a\u00f1os. Durante m\u00e1s de una d\u00e9cada, los presos permanecer\u00e1n aislados en diminutas celdas en d\u00f3nde pasar\u00e1n la mayor\u00eda del tiempo encapuchados, atados, en silencio, privados de sus necesidades b\u00e1sicas, apenas alimentados, y viendo reducidos al m\u00ednimo sus sentidos. Entre ellos estaba Pepe M\u00fajica, quien m\u00e1s tarde lleg\u00f3 a convertirse en presidente de Uruguay.<\/p>\n<p>&nbsp;<\/p>\n","protected":false},"excerpt":{"rendered":"<p>Lunes 28 de enero, 20:30 h. Centro Cultural Ram\u00f3n Pelayo (Solares) Precio \u00fanico: 2.50\u20ac<\/p>\n","protected":false},"author":4,"featured_media":0,"comment_status":"closed","ping_status":"closed","sticky":false,"template":"","format":"standard","meta":{"footnotes":""},"categories":[59],"tags":[58,116,117],"class_list":["post-5294","post","type-post","status-publish","format-standard","hentry","category-cultura","tag-centro-cultural-ramon-pelayo","tag-cine","tag-filmoteca"],"_links":{"self":[{"href":"https:\/\/mediocudeyo.es\/web\/wp-json\/wp\/v2\/posts\/5294"}],"collection":[{"href":"https:\/\/mediocudeyo.es\/web\/wp-json\/wp\/v2\/posts"}],"about":[{"href":"https:\/\/mediocudeyo.es\/web\/wp-json\/wp\/v2\/types\/post"}],"author":[{"embeddable":true,"href":"https:\/\/mediocudeyo.es\/web\/wp-json\/wp\/v2\/users\/4"}],"replies":[{"embeddable":true,"href":"https:\/\/mediocudeyo.es\/web\/wp-json\/wp\/v2\/comments?post=5294"}],"version-history":[{"count":0,"href":"https:\/\/mediocudeyo.es\/web\/wp-json\/wp\/v2\/posts\/5294\/revisions"}],"wp:attachment":[{"href":"https:\/\/mediocudeyo.es\/web\/wp-json\/wp\/v2\/media?parent=5294"}],"wp:term":[{"taxonomy":"category","embeddable":true,"href":"https:\/\/mediocudeyo.es\/web\/wp-json\/wp\/v2\/categories?post=5294"},{"taxonomy":"post_tag","embeddable":true,"href":"https:\/\/mediocudeyo.es\/web\/wp-json\/wp\/v2\/tags?post=5294"}],"curies":[{"name":"wp","href":"https:\/\/api.w.org\/{rel}","templated":true}]}}